{"id":6705,"date":"2021-08-18T16:15:40","date_gmt":"2021-08-18T16:15:40","guid":{"rendered":"https:\/\/miranda-partners.com\/?p=6705"},"modified":"2021-08-24T15:51:22","modified_gmt":"2021-08-24T15:51:22","slug":"el-pulso-de-los-medios-agosto-2021","status":"publish","type":"post","link":"https:\/\/miranda-partners.com\/es\/el-pulso-de-los-medios-agosto-2021\/","title":{"rendered":"El Pulso de los Medios &#8211; Agosto 2021"},"content":{"rendered":"<div data-elementor-type=\"wp-post\" data-elementor-id=\"6705\" class=\"elementor elementor-6705\" data-elementor-post-type=\"post\">\n\t\t\t\t\t\t<section data-particle_enable=\"false\" data-particle-mobile-disabled=\"false\" class=\"elementor-section elementor-top-section elementor-element elementor-element-b8d4fc0 elementor-section-boxed elementor-section-height-default elementor-section-height-default\" data-id=\"b8d4fc0\" data-element_type=\"section\" data-e-type=\"section\">\n\t\t\t\t\t\t<div class=\"elementor-container elementor-column-gap-default\">\n\t\t\t\t\t<div class=\"elementor-column elementor-col-100 elementor-top-column elementor-element elementor-element-e397481\" data-id=\"e397481\" data-element_type=\"column\" data-e-type=\"column\">\n\t\t\t<div class=\"elementor-widget-wrap elementor-element-populated\">\n\t\t\t\t\t\t<div class=\"elementor-element elementor-element-af62739 elementor-widget elementor-widget-text-editor\" data-id=\"af62739\" data-element_type=\"widget\" data-e-type=\"widget\" data-widget_type=\"text-editor.default\">\n\t\t\t\t<div class=\"elementor-widget-container\">\n\t\t\t\t\t\t\t\t\t<p style=\"text-align: center;\"><strong>Por Gabriela Jim\u00e9nez Cubr\u00eda, Jorge Luis Cort\u00e9s y el equipo de Miranda Media &amp; PR<\/strong><\/p><p><em>El periodismo mexicano, cada vez m\u00e1s violentado desde el crimen organizado y desde las instituciones, no deja de brillar. Este verano ha sido de galardones para profesionales de la comunicaci\u00f3n en el pa\u00eds, al tiempo que surgen nuevos espacios para mujeres y j\u00f3venes que esperamos sean nuevos ejemplos de trabajo digno para sus colaboradores en tiempos de crisis. <\/em><\/p><p>Si deseas recibir este newsletter cada mes en tu correo electr\u00f3nico, por favor\u00a0<a href=\"https:\/\/landing.mailerlite.com\/webforms\/landing\/j8s6d3\" target=\"_blank\" rel=\"noopener\">sucr\u00edbete aqu\u00ed.<\/a><\/p><p><strong>Contra la violencia, solidaridad<\/strong><\/p><p><img fetchpriority=\"high\" decoding=\"async\" class=\"alignnone size-medium wp-image-6718 aligncenter\" src=\"https:\/\/miranda-partners.com\/wp-content\/uploads\/2021\/08\/azucena2-300x169.jpg\" alt=\"\" width=\"300\" height=\"169\" srcset=\"https:\/\/miranda-partners.com\/wp-content\/uploads\/2021\/08\/azucena2-300x169.jpg 300w, https:\/\/miranda-partners.com\/wp-content\/uploads\/2021\/08\/azucena2-16x9.jpg 16w, https:\/\/miranda-partners.com\/wp-content\/uploads\/2021\/08\/azucena2.jpg 608w\" sizes=\"(max-width: 300px) 100vw, 300px\" \/><\/p><p>Ante la adversidad y las amenazas que suponen el ejercicio del periodismo en M\u00e9xico, medios de comunicaci\u00f3n y profesionales del gremio cerraron filas en torno a las y los periodistas que en d\u00edas pasados fueron amenazados por un sujeto encapuchado que, en un video, se identific\u00f3 como un operador del C\u00e1rtel Jalisco Nueva Generaci\u00f3n. <br \/>La amenaza, se escucha en la grabaci\u00f3n, responde a la cobertura que periodistas han realizado en \u00faltimos d\u00edas por la violencia que azota a Michoac\u00e1n, y se centra especialmente en Azucena Uresti, colaboradora de Grupo Multimedios &#8211; <em>Milenio<\/em>. <br \/>La distribuci\u00f3n de dicho video se vio opacada por un gran n\u00famero de muestras de solidaridad para Uresti, y la publicaci\u00f3n de un desplegado en el que varios medios exigieron que el Estado garantice la libertad de expresi\u00f3n. <br \/>Incluso desde el Gobierno de M\u00e9xico, que durante los \u00faltimos a\u00f1os ha protagonizado diferencias con varios periodistas, se percibi\u00f3 una respuesta positiva, cuando el presidente Andr\u00e9s Manuel L\u00f3pez Obrador e integrantes de su equipo de comunicaci\u00f3n, se solidarizaron con Uresti y otros periodistas afectados. <br \/>Desde el gobierno de Vicente Fox y hasta julio de este a\u00f1o han sido asesinados 138 profesionales de la comunicaci\u00f3n, de acuerdo con Art\u00edculo 19.<\/p><p><strong>La nueva etapa de Tercer Grado<\/strong><\/p><p><img decoding=\"async\" class=\"size-medium wp-image-6719 aligncenter\" src=\"https:\/\/miranda-partners.com\/wp-content\/uploads\/2021\/08\/tercertelevis-300x300.jpg\" alt=\"\" width=\"300\" height=\"300\" srcset=\"https:\/\/miranda-partners.com\/wp-content\/uploads\/2021\/08\/tercertelevis-300x300.jpg 300w, https:\/\/miranda-partners.com\/wp-content\/uploads\/2021\/08\/tercertelevis-1024x1024.jpg 1024w, https:\/\/miranda-partners.com\/wp-content\/uploads\/2021\/08\/tercertelevis-150x150.jpg 150w, https:\/\/miranda-partners.com\/wp-content\/uploads\/2021\/08\/tercertelevis-768x768.jpg 768w, https:\/\/miranda-partners.com\/wp-content\/uploads\/2021\/08\/tercertelevis-12x12.jpg 12w, https:\/\/miranda-partners.com\/wp-content\/uploads\/2021\/08\/tercertelevis.jpg 1400w\" sizes=\"(max-width: 300px) 100vw, 300px\" \/><\/p><p>Esta noche el p\u00fablico mexicano ver\u00e1 por \u00faltima vez a Leopoldo G\u00f3mez como conductor principal de Tercer Grado, el programa de an\u00e1lisis noticioso de Televisa. Hace poco se dio a conocer que G\u00f3mez ser\u00e1 el nuevo presidente de noticias de Univisi\u00f3n luego de la fusi\u00f3n con Televisa. No nos sorprender\u00eda que fuera Ren\u00e9 Delgado el nuevo conductor del programa, ya que el periodista, exdirector editorial de Reforma, tiene cada vez m\u00e1s peso en la divisi\u00f3n de Noticieros de la televisora.<\/p><p><strong>Ca\u00edda generalizada en las audiencias de Internet<\/strong><\/p><p><img decoding=\"async\" class=\"size-medium wp-image-6720 aligncenter\" src=\"https:\/\/miranda-partners.com\/wp-content\/uploads\/2021\/08\/comscore-300x158.png\" alt=\"\" width=\"300\" height=\"158\" srcset=\"https:\/\/miranda-partners.com\/wp-content\/uploads\/2021\/08\/comscore-300x158.png 300w, https:\/\/miranda-partners.com\/wp-content\/uploads\/2021\/08\/comscore-1024x538.png 1024w, https:\/\/miranda-partners.com\/wp-content\/uploads\/2021\/08\/comscore-768x403.png 768w, https:\/\/miranda-partners.com\/wp-content\/uploads\/2021\/08\/comscore-16x8.png 16w, https:\/\/miranda-partners.com\/wp-content\/uploads\/2021\/08\/comscore.png 1200w\" sizes=\"(max-width: 300px) 100vw, 300px\" \/><\/p><p>Los \u00faltimos datos de Comscore, que corresponden al mes de junio revelaron una ca\u00edda generalizada en la audiencia de los medios informativos digitales. Para Milenio, que contin\u00faa a la cabeza de la lista, la ca\u00edda fue de 800 mil usuarios \u00fanicos y sum\u00f3 22 millones. A El Universal se le esfumaron 1.7 millones de usuarios y conserv\u00f3 el segundo lugar de la lista con 18.9 millones, mientras que para El Heraldo el descalabro fue de 200 mil usuarios y conserva el tercer sitio con 17.1 millones. Uno TV logr\u00f3 el cuarto lugar a pesar de haber perdido casi dos millones de usuarios, y en el quinto sitio se ubica Noticieros Televisa, el \u00fanico medio que logr\u00f3 aumentar su audiencia en casi dos millones de usuarios \u00fanicos.<\/p><p><strong>El top 10 de la publicidad oficial<\/strong><\/p><p>La fortuna le sonr\u00ede a Televisa no solo por el crecimiento en audiencia sino tambi\u00e9n por el lado de la publicidad gubernamental. El nuevo <a href=\"https:\/\/articulo19.org\/las-tendencias-de-la-publicidad-oficial-en-el-segundo-ano-de-amlo\/\" target=\"_blank\" rel=\"noopener\">an\u00e1lisis de FUNDAR<\/a> sobre el gasto en publicidad oficial en el gobierno de AMLO hace revelaciones muy interesantes sobre c\u00f3mo gasta la actual administraci\u00f3n.<\/p><p>Grupo Televisa es el medio de comunicaci\u00f3n que m\u00e1s recursos p\u00fablicos recibi\u00f3 durante 2020 con casi el 10% del total gastado el a\u00f1o pasado, le tocaron m\u00e1s de 222 millones de pesos. Le siguen TV Azteca con el 9.4% (213 mdp) y el diario La Jornada, con el 9.2% (equivalente a 218 mdp). Grupo F\u00f3rmula y Milenio tambi\u00e9n aparecen en los primeros diez lugares.<\/p><p>Destaca el hecho de que los montos destinados por el gobierno federal en son casi 70% menores que en el \u00faltimo a\u00f1o del sexenio de Enrique Pe\u00f1a Nieto para todos los medios excepto para La Jornada, cuyos ingresos por publicidad oficial son seis o siete veces mayores que con la anterior administraci\u00f3n. A esto hay que a\u00f1adir la inversi\u00f3n que realizan los estados gobernados por Morena, particularmente la CDMX. Son tiempos de vacas gordas para el diario ubicado en Avenida Universidad. No as\u00ed para sus periodistas, que hace unos a\u00f1os sufrieron cambios dr\u00e1sticos y severos recortes en el contrato colectivo que manten\u00edan con la compa\u00f1\u00eda.<\/p><p><strong>Retenciones salariales en El Universal<\/strong><\/p><p><img loading=\"lazy\" decoding=\"async\" class=\"alignnone size-medium wp-image-6721 aligncenter\" src=\"https:\/\/miranda-partners.com\/wp-content\/uploads\/2021\/08\/logo-universal-300x158.jpg\" alt=\"\" width=\"300\" height=\"158\" srcset=\"https:\/\/miranda-partners.com\/wp-content\/uploads\/2021\/08\/logo-universal-300x158.jpg 300w, https:\/\/miranda-partners.com\/wp-content\/uploads\/2021\/08\/logo-universal-1024x538.jpg 1024w, https:\/\/miranda-partners.com\/wp-content\/uploads\/2021\/08\/logo-universal-768x403.jpg 768w, https:\/\/miranda-partners.com\/wp-content\/uploads\/2021\/08\/logo-universal-16x8.jpg 16w, https:\/\/miranda-partners.com\/wp-content\/uploads\/2021\/08\/logo-universal.jpg 1200w\" sizes=\"(max-width: 300px) 100vw, 300px\" \/><\/p><p>Ha vuelto a causar pol\u00e9mica el diario que lidera Juan Francisco Ealy Ort\u00edz. En medio de la tercera ola de covid-19 en M\u00e9xico y semanas despu\u00e9s de que se enviara a la plantilla de vuelta a trabajar desde casa, circul\u00f3 en redes sociales la versi\u00f3n de que se les aplicar\u00eda un recorte salarial del 20%. No obstante, colaboradores del peri\u00f3dico aclararon a El Pulso de los Medios que se trata m\u00e1s bien de una retenci\u00f3n similar a la que se les aplic\u00f3 el a\u00f1o pasado. En esa ocasi\u00f3n, como se les hab\u00eda prometido, fueron devueltos los recursos a las y los trabajadores y esperamos que esta vez tambi\u00e9n se cumpla el acuerdo.<\/p><p><strong>Terror en los medios<\/strong><\/p><p><img loading=\"lazy\" decoding=\"async\" class=\"alignnone size-medium wp-image-6722 aligncenter\" src=\"https:\/\/miranda-partners.com\/wp-content\/uploads\/2021\/08\/terrormedios-300x300.jpg\" alt=\"\" width=\"300\" height=\"300\" srcset=\"https:\/\/miranda-partners.com\/wp-content\/uploads\/2021\/08\/terrormedios-300x300.jpg 300w, https:\/\/miranda-partners.com\/wp-content\/uploads\/2021\/08\/terrormedios-150x150.jpg 150w, https:\/\/miranda-partners.com\/wp-content\/uploads\/2021\/08\/terrormedios-12x12.jpg 12w, https:\/\/miranda-partners.com\/wp-content\/uploads\/2021\/08\/terrormedios.jpg 400w\" sizes=\"(max-width: 300px) 100vw, 300px\" \/><\/p><p>Las redes se han vuelto escenario de debate y denuncia entorno a las condiciones laborales precarias que padecen muchos periodistas en M\u00e9xico. Recientemente la cuenta de Twitter Terror en los Medios (@MediosTerror) difundi\u00f3 varias quejas entre las que destacaron la que se emiti\u00f3 en contra de Animal Pol\u00edtico, as\u00ed como las acusaciones por el recortes salariales en medios deportivos pese a que la carga de trabajo aument\u00f3 considerablemente por la cobertura de los Juegos Ol\u00edmpicos de Tokio.<\/p><p>Cuentas como esta han surgido debido a que los propios periodistas han tenido que autocensurarse por temor a represalias por parte de sus jefes. Es el caso del diario deportivo R\u00e9cord, cuyo director sali\u00f3 a Twitter a presumir sus cifras de audiencia, pero que no contaba con que una de sus colaboradoras citar\u00eda su tuit con el comentario \u201cimag\u00ednense si nos pagaran completo\u201d. A la periodista se le oblig\u00f3 a borrar el tuit y se le advirti\u00f3 que o deb\u00eda desprestigiar el nombre del diario.<\/p><p><strong>La opini\u00f3n de las mujeres<\/strong><\/p><p><img loading=\"lazy\" decoding=\"async\" class=\"alignnone size-medium wp-image-6723 aligncenter\" src=\"https:\/\/miranda-partners.com\/wp-content\/uploads\/2021\/08\/opinion51-300x300.jpg\" alt=\"\" width=\"300\" height=\"300\" srcset=\"https:\/\/miranda-partners.com\/wp-content\/uploads\/2021\/08\/opinion51-300x300.jpg 300w, https:\/\/miranda-partners.com\/wp-content\/uploads\/2021\/08\/opinion51-150x150.jpg 150w, https:\/\/miranda-partners.com\/wp-content\/uploads\/2021\/08\/opinion51-12x12.jpg 12w, https:\/\/miranda-partners.com\/wp-content\/uploads\/2021\/08\/opinion51.jpg 400w\" sizes=\"(max-width: 300px) 100vw, 300px\" \/><\/p><p>Las mujeres conforman el 51% de la poblaci\u00f3n pero a\u00fan hay una deuda pendiente en las secciones de opini\u00f3n y mandos directivos de los grandes medios mexicanos. Bajo esa premisa surge Opini\u00f3n 51, un nuevo medio que surge como newsletter en donde se publicar\u00e1n voces de algunas periodistas muy destacadas en el pa\u00eds. Lo lidera Sandra Romand\u00eda, con Soledad Durazo como editora general y contar\u00e1 con las plumas de B\u00e1rbara Anderson, Elisa Alan\u00eds, Azucena Uresti, Ana Paula Ordorica, Ilana Sod, Denise Dresser, Stephanie Lewis, Danielle Dithurbide, Pamela Cerdeira. El proyecto comienza en beta este 18 de agosto. El lanzamiento oficial ser\u00e1 el 6 de septiembre. \u00a1Enhorabuena por este nuevo y necesario espacio incluyente!<\/p><p><strong>Los premios Maria Moors Cabot para M\u00e9xico<\/strong><\/p><p>Hablando de periodismo hecho por mujeres, la Universidad de Columbia entreg\u00f3 el pasado 21 de julio el premio Maria Moors Cabot a Adela Navarro, directora del semanario Zeta de Tijuana. Este a\u00f1o la distinci\u00f3n internacional m\u00e1s antigua al periodismo ser\u00e1 entregada solo a mujeres, entre las que se encuentra tambi\u00e9n Mary Beth Sheridan, corresponsal de The Washington Post en M\u00e9xico, mientras que el equipo mexicano que conforma The Cartel Project se llev\u00f3 una menci\u00f3n especial. \u201cAdela Navarro es un contundente ejemplo del mejor periodismo en las Am\u00e9ricas\u201d, dijo la Columbia Journalism School. <a href=\"https:\/\/journalism.columbia.edu\/anuncio-de-los-ganadores-de-premios-maria-moors-cabot-de-2021\" target=\"_blank\" rel=\"noopener\">Consulta la lista completa de ganadoras aqu\u00ed.<\/a><\/p><p><strong>El periodismo mexicano brilla en los premios SIP<\/strong><\/p><p>No todo son malas noticias. Destacados trabajos de periodistas de nuestro pa\u00eds destacaron por su valor para la sociedad en los premios a la Excelencia Period\u00edstica 2021 de la Sociedad Interamericana de Prensa (SIP), que reconoce a colegas de medios nacionales, locales y plataformas de colaboraci\u00f3n de Argentina, Colombia, Cuba, Ecuador, Estados Unidos, M\u00e9xico, Per\u00fa y Venezuela.<\/p><p><em>Pop Lab<\/em> de M\u00e9xico, en colaboraci\u00f3n con <em>Ojo P\u00fablico <\/em>de Per\u00fa y <em>La Silla Vac\u00eda<\/em> de Colombia, obtuvo el premio a mejor cobertura de noticias en Internet por el reportaje \u2018La Crisis del Empleo\u2019. <em>La Silla Rota<\/em> se hizo del reconocimiento por mejor cobertura noticiosa gracias a su serie \u2018Los Sobrevivientes\u2019 que relata el drama del desempleo causado por la pandemia. Ariel Gonz\u00e1lez se llev\u00f3 el premio en la categor\u00eda de Opini\u00f3n con la pieza \u2018Medios: La Insoportable Incomodidad de las Ideas\u2019, publicada en <em>El Universal, <\/em>mientras que<em> Aristegui Noticias, Proceso, Ruido en la Red y Vice en Espa\u00f1ol<\/em>, que trabajaron en alianza con Connectas, Univision e International Center for Journalists (ICFJ), brillaron en la categor\u00eda Periodismo Sobre Medio Ambiente Roberto Eisenmaan Jr. \u00a1Muchas felicidades! <a href=\"https:\/\/media.sipiapa.org\/adjuntos\/185\/documentos\/001\/840\/0001840861.pdf\" target=\"_blank\" rel=\"noopener\">Consulta la lista de ganadores completa aqu\u00ed<\/a><\/p><p><strong>Fiscal\u00eda desmiente a Sanjuana<\/strong><\/p><p>En un nuevo cap\u00edtulo del drama de Notimex, la Fiscal\u00eda de Justicia de la Ciudad de M\u00e9xico desminti\u00f3 que existieran \u00f3rdenes de aprehensi\u00f3n contra Adriana Urrea, l\u00edder del Sindicato de Trabajadores SUTNOTIMEX, que se mantiene en huelga desde febrero de 2020.<\/p><p>La directora de la agencia de noticias del Estado Mexicano, Sanjuana Mart\u00ednez, han acusado a Urrea de delitos contra los derechos de autor por supuestamente utilizar informaci\u00f3n generada por la agencia para un proyecto personal y de haber realizado viajes con cargo a Notimex sin documentos para justificarlos.<\/p><p>En un comunicado, el sindicato de Notimex afirm\u00f3 que Sanjuana Mart\u00ednez hace uso indebido de las autoridades de justicia &#8220;al hacer acusaciones falsas y distraer la atenci\u00f3n de dichas instituciones a problemas reales&#8221;. <br \/>Por otro lado, el pasado 10 de agosto, un sujeto identificado como Joel, quien ser\u00eda editor de fotograf\u00eda en Notimex, fue acusado de acudir a las instalaciones de la agencia para amedrentar a sus compa\u00f1eros en huelga y golpear al reportero Ricardo Blancas.<\/p><p>Sindicalizados afirmaron que el esquirol habr\u00eda sido enviado a agredir por \u00f3rdenes de Sanjuana Mart\u00ednez y otros directivos. <br \/>La agresi\u00f3n qued\u00f3 grabada en video; <a href=\"https:\/\/twitter.com\/sutnotimex\/status\/1425498127252008968\" target=\"_blank\" rel=\"noopener\">puedes ver el momento aqu\u00ed<\/a>.<\/p><p><strong>En El Ajusco se unen a la guerra del streaming<\/strong><\/p><p><img loading=\"lazy\" decoding=\"async\" class=\"size-medium wp-image-6724 aligncenter\" src=\"https:\/\/miranda-partners.com\/wp-content\/uploads\/2021\/08\/azteca-now-300x169.jpg\" alt=\"\" width=\"300\" height=\"169\" srcset=\"https:\/\/miranda-partners.com\/wp-content\/uploads\/2021\/08\/azteca-now-300x169.jpg 300w, https:\/\/miranda-partners.com\/wp-content\/uploads\/2021\/08\/azteca-now-1024x576.jpg 1024w, https:\/\/miranda-partners.com\/wp-content\/uploads\/2021\/08\/azteca-now-768x432.jpg 768w, https:\/\/miranda-partners.com\/wp-content\/uploads\/2021\/08\/azteca-now-16x9.jpg 16w, https:\/\/miranda-partners.com\/wp-content\/uploads\/2021\/08\/azteca-now.jpg 1200w\" sizes=\"(max-width: 300px) 100vw, 300px\" \/><\/p><p>Las televisoras mexicanas saben que las audiencias siguen cambiando: as\u00ed lo demostr\u00f3 Televisa, primero con BLIM y luego mediante su asociaci\u00f3n con Univis\u00f3n; y ahora lleg\u00f3 el turno para TV Azteca, de Ricardo Salinas Pliego, que ha decidido poner en marcha su plataforma de streaming.<\/p><p>Hablamos de Azteca Now, app m\u00f3vil desarrollada en asociaci\u00f3n con Icaro Media Group, que estar\u00e1 disponible para dispositivos m\u00f3viles y reproductores multimedia con sistema operativo Android y iOs.<\/p><p>De manera gratuita, Azteca Now buscar\u00e1 distribuir en Norteam\u00e9rica y Latinoam\u00e9rica los contenidos de la televisora del Ajusco, entre los que se cuentan telenovelas, series dram\u00e1ticas, cine mexicano, y el canal de noticias ADN40, las 24 horas del d\u00eda.<\/p><p><strong>Warner sigue creciendo en M\u00e9xico<\/strong><\/p><p>Warner Media sigue imparable en M\u00e9xico; a finales de junio se estrenaba con HBO Max en nuestro pa\u00eds, sistema de cine y televisi\u00f3n por streaming que, aunque ha recibido quejas por la facilidad para navegar a trav\u00e9s de la app, ha representado una opci\u00f3n fresca y completa en el rubro.<\/p><p>A inicios de agosto, Warner anunci\u00f3 la apertura en M\u00e9xico de una oficina de Warner Bros. Consumer Products, divisi\u00f3n que se enfoca en asociarse con licenciatarios en el mundo para juguetes, moda, decoraci\u00f3n del hogar y otros productos, la cual ser\u00e1 dirigida por Javier Garza y contar\u00e1 con un equipo enfocado en merchandising, estrategia minorista, mercadotecnia, creatividad y otros, para las franquicias de\u00a0 DC, Wizarding World, Looney Tunes, Hanna-Barbera, HBO Max, Cartoon Network y Adult Swim.<\/p><p>Entre los primeros retos para la divisi\u00f3n de Warner Media en M\u00e9xico se cuentan la celebraci\u00f3n anual de Back to Hogwarts (sobre Harry Potter), el 80 aniversario de Wonder Woman, el Batman Day y DC FanDome<\/p><p><strong>Nuevos Proyectos de investigaci\u00f3n financiados por la UNESCO<\/strong><\/p><p><img loading=\"lazy\" decoding=\"async\" class=\"size-full wp-image-6725 aligncenter\" src=\"https:\/\/miranda-partners.com\/wp-content\/uploads\/2021\/08\/unesco2.png\" alt=\"\" width=\"225\" height=\"225\" srcset=\"https:\/\/miranda-partners.com\/wp-content\/uploads\/2021\/08\/unesco2.png 225w, https:\/\/miranda-partners.com\/wp-content\/uploads\/2021\/08\/unesco2-150x150.png 150w, https:\/\/miranda-partners.com\/wp-content\/uploads\/2021\/08\/unesco2-12x12.png 12w\" sizes=\"(max-width: 225px) 100vw, 225px\" \/><\/p><p>Cerr\u00f3 con \u00e9xito la convocatoria al Programa Piloto de Apoyo al Periodismo de Investigaci\u00f3n de la Organizaci\u00f3n de las Naciones Unidas para la Educaci\u00f3n, la Ciencia y la Cultura (UNESCO) en M\u00e9xico. Diez propuestas fueron seleccionadas para recibir capacitaci\u00f3n y apoyo econ\u00f3mico, entre las cuales se encuentra la que presentaron dos egresadas de la Maestr\u00eda en Periodismo y Pol\u00edticas P\u00fablicas del CIDE, Concepci\u00f3n Peralta y Ami Sosa. \u00a1Esperamos con mucho entusiasmo su reportaje!<\/p><p><strong>Medalla de honor<\/strong><\/p><p>Desde aqu\u00ed celebramos a los periodistas que han sido se\u00f1alados como \u2018mentirosos\u2019 en la conferencia de prensa matutina del presidente. Este mi\u00e9rcoles aparecieron Denise Dresser, Azucena Uresti y Carmen Aristegui, se\u00f1aladas por alguien que no se ha caracterizado por decir la verdad.<\/p><p><img loading=\"lazy\" decoding=\"async\" class=\"alignnone size-medium wp-image-6726 aligncenter\" src=\"https:\/\/miranda-partners.com\/wp-content\/uploads\/2021\/08\/elizaberquien-300x169.jpg\" alt=\"\" width=\"300\" height=\"169\" srcset=\"https:\/\/miranda-partners.com\/wp-content\/uploads\/2021\/08\/elizaberquien-300x169.jpg 300w, https:\/\/miranda-partners.com\/wp-content\/uploads\/2021\/08\/elizaberquien-16x9.jpg 16w, https:\/\/miranda-partners.com\/wp-content\/uploads\/2021\/08\/elizaberquien.jpg 608w\" sizes=\"(max-width: 300px) 100vw, 300px\" \/><\/p><p><strong>Coordenadas<\/strong><\/p><ul><li>La nueva corresponsal del Financial Times para M\u00e9xico es Christine Murray, quien se desempe\u00f1aba anteriormente como corresponsal senior de The Thomson Reuters Foundation especializada en tr\u00e1fico de personas y trabajo forzado en M\u00e9xico y Centroam\u00e9rica. Murray se une a un ilustre grupo de corresponsales en M\u00e9xico del FT, entre los que se encuentran Jude Weber, Adam Thomson, John Authers, Sara Silver, y hace algunas d\u00e9cadas Damian Fraser, fundador de Miranda Partners.<\/li><li>De manera por dem\u00e1s sigilosa, el sitio de noticias propiedad de V\u00edctor Trujillo, El Ma\u00f1anero Diario, dej\u00f3 de operar. De acuerdo con sus colaboradores se trata de una \u201cpausa indefinida\u201d y al ingresar al sitio aparece la leyenda \u201cSitio en mantenimiento\u201d. No obstante, Trujillo contin\u00faa apareciendo como el payaso Brozo en LatinUS.<\/li><li>La periodista Kerem Flores, colaboradora de El Ma\u00f1anero Diario, encabeza ahora un nuevo proyecto y se encarga de la parte digital de En Voz, un nuevo medio de comunicaci\u00f3n que tiene la intenci\u00f3n de ser un espacio para incentivar la discusi\u00f3n p\u00fablica entre j\u00f3venes a trav\u00e9s del periodismo. Les deseamos mucho \u00e9xito.<\/li><li>El fotoperiodista Jos\u00e9 Jim\u00e9nez ha sido contratado como el nuevo coordinador de fotograf\u00eda en el semanario Proceso.<\/li><li>De Infobae M\u00e9xico se despidi\u00f3 Manuel Gonz\u00e1lez para asumir el cargo de editor matutino en Sin Embargo.<\/li><\/ul>\t\t\t\t\t\t\t\t<\/div>\n\t\t\t\t<\/div>\n\t\t\t\t<section data-particle_enable=\"false\" data-particle-mobile-disabled=\"false\" class=\"elementor-section elementor-inner-section elementor-element elementor-element-971415b elementor-section-boxed elementor-section-height-default elementor-section-height-default\" data-id=\"971415b\" data-element_type=\"section\" data-e-type=\"section\" data-settings=\"{&quot;background_background&quot;:&quot;classic&quot;,&quot;animation&quot;:&quot;none&quot;,&quot;animation_tablet&quot;:&quot;none&quot;}\">\n\t\t\t\t\t\t<div class=\"elementor-container elementor-column-gap-default\">\n\t\t\t\t\t<div class=\"elementor-column elementor-col-100 elementor-inner-column elementor-element elementor-element-8443f22\" data-id=\"8443f22\" data-element_type=\"column\" data-e-type=\"column\">\n\t\t\t<div class=\"elementor-widget-wrap elementor-element-populated\">\n\t\t\t\t\t\t<div class=\"elementor-element elementor-element-07d9d50 elementor-widget elementor-widget-heading\" data-id=\"07d9d50\" data-element_type=\"widget\" data-e-type=\"widget\" data-widget_type=\"heading.default\">\n\t\t\t\t<div class=\"elementor-widget-container\">\n\t\t\t\t\t<h2 class=\"elementor-heading-title elementor-size-default\">\u00a1Recibe El Pulso de Los Medios en Tu Correo!<\/h2>\t\t\t\t<\/div>\n\t\t\t\t<\/div>\n\t\t\t\t<div class=\"elementor-element elementor-element-a089ecf elementor-widget elementor-widget-text-editor\" data-id=\"a089ecf\" data-element_type=\"widget\" data-e-type=\"widget\" data-widget_type=\"text-editor.default\">\n\t\t\t\t<div class=\"elementor-widget-container\">\n\t\t\t\t\t\t\t\t\t<p>Para recibir nuestro newsletter da click en el siguiente bot\u00f3n:<\/p>\t\t\t\t\t\t\t\t<\/div>\n\t\t\t\t<\/div>\n\t\t\t\t<div class=\"elementor-element elementor-element-66b209f elementor-align-center elementor-widget elementor-widget-button\" data-id=\"66b209f\" data-element_type=\"widget\" data-e-type=\"widget\" data-widget_type=\"button.default\">\n\t\t\t\t<div class=\"elementor-widget-container\">\n\t\t\t\t\t\t\t\t\t<div class=\"elementor-button-wrapper\">\n\t\t\t\t\t<a class=\"elementor-button elementor-button-link elementor-size-sm\" href=\"https:\/\/landing.mailerlite.com\/webforms\/landing\/j8s6d3\" target=\"_blank\" rel=\"noopener\">\n\t\t\t\t\t\t<span class=\"elementor-button-content-wrapper\">\n\t\t\t\t\t\t\t\t\t<span class=\"elementor-button-text\">Suscribirse<\/span>\n\t\t\t\t\t<\/span>\n\t\t\t\t\t<\/a>\n\t\t\t\t<\/div>\n\t\t\t\t\t\t\t\t<\/div>\n\t\t\t\t<\/div>\n\t\t\t\t\t<\/div>\n\t\t<\/div>\n\t\t\t\t\t<\/div>\n\t\t<\/section>\n\t\t\t\t\t<\/div>\n\t\t<\/div>\n\t\t\t\t\t<\/div>\n\t\t<\/section>\n\t\t\t\t<\/div>","protected":false},"excerpt":{"rendered":"<p>Mexican journalism, increasingly targeted by organized crime and institutions, continues to shine. This summer has been successful for many communication professionals, while new spaces for women and young people emerge that we hope will be an example of work for their collaborators in times of crisis.<\/p>","protected":false},"author":9,"featured_media":6706,"comment_status":"open","ping_status":"open","sticky":false,"template":"","format":"standard","meta":{"content-type":"","footnotes":""},"categories":[29],"tags":[32,36,37],"class_list":["post-6705","post","type-post","status-publish","format-standard","has-post-thumbnail","hentry","category-media","tag-media","tag-medios-de-comunicacion","tag-periodismo"],"_links":{"self":[{"href":"https:\/\/miranda-partners.com\/es\/wp-json\/wp\/v2\/posts\/6705","targetHints":{"allow":["GET"]}}],"collection":[{"href":"https:\/\/miranda-partners.com\/es\/wp-json\/wp\/v2\/posts"}],"about":[{"href":"https:\/\/miranda-partners.com\/es\/wp-json\/wp\/v2\/types\/post"}],"author":[{"embeddable":true,"href":"https:\/\/miranda-partners.com\/es\/wp-json\/wp\/v2\/users\/9"}],"replies":[{"embeddable":true,"href":"https:\/\/miranda-partners.com\/es\/wp-json\/wp\/v2\/comments?post=6705"}],"version-history":[{"count":0,"href":"https:\/\/miranda-partners.com\/es\/wp-json\/wp\/v2\/posts\/6705\/revisions"}],"wp:featuredmedia":[{"embeddable":true,"href":"https:\/\/miranda-partners.com\/es\/wp-json\/wp\/v2\/media\/6706"}],"wp:attachment":[{"href":"https:\/\/miranda-partners.com\/es\/wp-json\/wp\/v2\/media?parent=6705"}],"wp:term":[{"taxonomy":"category","embeddable":true,"href":"https:\/\/miranda-partners.com\/es\/wp-json\/wp\/v2\/categories?post=6705"},{"taxonomy":"post_tag","embeddable":true,"href":"https:\/\/miranda-partners.com\/es\/wp-json\/wp\/v2\/tags?post=6705"}],"curies":[{"name":"wp","href":"https:\/\/api.w.org\/{rel}","templated":true}]}}