{"id":5693,"date":"2021-04-22T18:30:00","date_gmt":"2021-04-22T18:30:00","guid":{"rendered":"https:\/\/miranda-partners.com\/?p=5693"},"modified":"2021-04-22T23:31:17","modified_gmt":"2021-04-22T23:31:17","slug":"feliz-dia-de-la-tierra","status":"publish","type":"post","link":"https:\/\/miranda-partners.com\/es\/happy-earth-day\/","title":{"rendered":"\u00a1Feliz D\u00eda de la Tierra!"},"content":{"rendered":"<div data-elementor-type=\"wp-post\" data-elementor-id=\"5693\" class=\"elementor elementor-5693\" data-elementor-post-type=\"post\">\n\t\t\t\t\t\t<section data-particle_enable=\"false\" data-particle-mobile-disabled=\"false\" class=\"elementor-section elementor-top-section elementor-element elementor-element-7d4e739 elementor-section-boxed elementor-section-height-default elementor-section-height-default\" data-id=\"7d4e739\" data-element_type=\"section\" data-e-type=\"section\">\n\t\t\t\t\t\t<div class=\"elementor-container elementor-column-gap-default\">\n\t\t\t\t\t<div class=\"elementor-column elementor-col-100 elementor-top-column elementor-element elementor-element-edac1f4\" data-id=\"edac1f4\" data-element_type=\"column\" data-e-type=\"column\">\n\t\t\t<div class=\"elementor-widget-wrap elementor-element-populated\">\n\t\t\t\t\t\t<div class=\"elementor-element elementor-element-921dbc0 elementor-widget elementor-widget-text-editor\" data-id=\"921dbc0\" data-element_type=\"widget\" data-e-type=\"widget\" data-widget_type=\"text-editor.default\">\n\t\t\t\t<div class=\"elementor-widget-container\">\n\t\t\t\t\t\t\t\t\t<p style=\"font-weight: 400;\">Hoy celebramos el D\u00eda de la Tierra, y por ello quiero hablar de la historia del D\u00eda de la Tierra y de por qu\u00e9 todav\u00eda tenemos que celebrarlo.<\/p><p style=\"font-weight: 400;\">\u00a0<\/p><p style=\"font-weight: 400;\">El primer D\u00eda de la Tierra se organiz\u00f3 el 22 de abril de 1970 en Estados Unidos. Inspirado por el\u00a0<em>bestseller<\/em>\u00a0<u>Silent Spring<\/u>\u00a0de Rachel Carson, y luego por el impulso\u00a0de\u00a0la ense\u00f1anza del medio ambiente por parte del senador Gaylord Nelson, se calcula que unos 20 millones de personas en varias ciudades de Estados Unidos salieron a la calle para pedir conciencia y protecci\u00f3n medioambiental. Desde entonces, cada 22 de abril se celebra el D\u00eda de la Tierra para unir fuerzas y debatir sobre temas medioambientales.\u00a0<\/p><p style=\"font-weight: 400;\">Antes de la primera edici\u00f3n del D\u00eda de la Tierra, no hab\u00eda ninguna ley que impidiera a las empresas contaminar el medio ambiente. Hemos recorrido un largo camino desde entonces, no s\u00f3lo con el desarrollo de numerosas leyes medioambientales, sino tambi\u00e9n en t\u00e9rminos de concientizaci\u00f3n general. Hoy m\u00e1s de 190 pa\u00edses en todo el mundo participan en las actividades del D\u00eda de la Tierra y m\u00e1s de mil millones de personas forman parte de la iniciativa.<\/p><p style=\"font-weight: 400;\">Sin embargo, a\u00fan estamos lejos de haber terminado. El mundo todav\u00eda no es como deber\u00eda ser en t\u00e9rminos de protecci\u00f3n del medio ambiente. Y mientras algunos pa\u00edses se acercan a los objetivos correctos, otros se alejan de ellos. El cambio clim\u00e1tico es un problema\u00a0urgente y todav\u00eda no todas las organizaciones est\u00e1n a la altura del desaf\u00edo. Por lo tanto, seguimos necesitando que el D\u00eda de la Tierra exista como un movimiento que inspire la acci\u00f3n en lugar de ser s\u00f3lo una celebraci\u00f3n de lo que tenemos.<\/p><p style=\"font-weight: 400;\">\u00a0<\/p><p style=\"font-weight: 400;\">En este sentido, \u00bfqu\u00e9 puedes hacer hoy por el planeta? Aqu\u00ed tienes s\u00f3lo 5 ideas de las cientos de cosas que puedes hacer:<\/p><ol><li style=\"font-weight: 400;\"><strong>Habla de tus esfuerzos medioambientales<\/strong>\u00a0y de por qu\u00e9 son importantes con todos los que todav\u00eda no entienden cu\u00e1les son los riesgos de no hacer nada.<\/li><li style=\"font-weight: 400;\"><strong>Conoce y mejora tus h\u00e1bitos de transporte.<\/strong>\u00a0Conoce tu huella de carbono cuando viajas en coche por tu cuenta, cuando compartes tu coche, cuando vas en avi\u00f3n, cuando vas en bicicleta, etc. Aqu\u00ed hay un\u00a0<a href=\"https:\/\/www.edx.org\/course\/energy-within-environmental-constraints\" target=\"_blank\" rel=\"noopener\" data-saferedirecturl=\"https:\/\/www.google.com\/url?q=https:\/\/www.edx.org\/course\/energy-within-environmental-constraints&amp;source=gmail&amp;ust=1619220439799000&amp;usg=AFQjCNExnRIPSKtSusDhv7OI1UlH4syFyQ\">curso interesante sobre este tema<\/a>\u00a0y una\u00a0<a href=\"https:\/\/keith.seas.harvard.edu\/blog\/climate-impacts-biking-vs-driving\" target=\"_blank\" rel=\"noopener\" data-saferedirecturl=\"https:\/\/www.google.com\/url?q=https:\/\/keith.seas.harvard.edu\/blog\/climate-impacts-biking-vs-driving&amp;source=gmail&amp;ust=1619220439799000&amp;usg=AFQjCNGFjb1AGfqiQLdpj5S0BoEFmzFbig\">discusi\u00f3n entretenida sobre si los ciclistas con dietas paleo generan una huella de carbono equivalente a la de conductores de Prius.<\/a><\/li><li style=\"font-weight: 400;\"><strong>Conoce y mejora tus h\u00e1bitos alimenticios<\/strong>. Los alimentos representan el ~25% de las emisiones globales de carbono, y la producci\u00f3n de diferentes tipos de alimentos tiene diferentes impactos en el medio ambiente. No es necesario que todos nos convirtamos en veganos, pero s\u00ed podemos convertirnos en consumidores responsables.<\/li><li style=\"font-weight: 400;\"><strong>Investiga<\/strong><strong>\u00a0sobre<\/strong><strong>\u00a0lo que compras.<\/strong>\u00a0Todos los consumidores pueden hacer una declaraci\u00f3n cuando compran productos de marcas que se alinean con sus creencias. A medida que los consumidores se informen mejor y muestren m\u00e1s claramente sus preferencias, las empresas seguro\u00a0reaccionar\u00e1n.<\/li><li style=\"font-weight: 400;\">Y ahora\u00a0<strong>algo muy sencillo&#8230;<\/strong>\u00a0Corta los pl\u00e1sticos de los paquetes de latas antes de tirarlos. Estar\u00e1s salvando la vida marina, ya que no quedar\u00e1 atrapada o ahogada en ellos en el caso (desgraciadamente probable) de que la basura acabe en el mar.<\/li><\/ol><p style=\"font-weight: 400;\">\u00a0<\/p><p style=\"font-weight: 400;\"><strong>Puntos extra<\/strong>: si ayudas a dirigir una empresa o un fondo, aseg\u00farate de que tengan\u00a0la mejor estrategia y ejecuci\u00f3n en materia de\u00a0ESG. Si no sabes c\u00f3mo hacerlo, p\u00f3nte en contacto con nosotros y estaremos encantados de ayudarte.<\/p><p style=\"font-weight: 400;\">\u00a0<\/p><p style=\"font-weight: 400;\">Espero que esto haya sido de tu inter\u00e9s. Como siempre, si hay algo en lo que pudi\u00e9ramos ayudar, o si hay un tema de ESG del cual quisieras saber m\u00e1s, por favor h\u00e1znoslo saber.<\/p><p style=\"font-weight: 400;\">Saludos,<\/p><p style=\"font-weight: 400;\">Marimar<\/p><p style=\"font-weight: 400;\"><em>CEO, Miranda ESG<\/em><\/p>\t\t\t\t\t\t\t\t<\/div>\n\t\t\t\t<\/div>\n\t\t\t\t<div class=\"elementor-element elementor-element-02f8b64 elementor-widget-divider--view-line elementor-widget elementor-widget-divider\" data-id=\"02f8b64\" data-element_type=\"widget\" data-e-type=\"widget\" data-widget_type=\"divider.default\">\n\t\t\t\t<div class=\"elementor-widget-container\">\n\t\t\t\t\t\t\t<div class=\"elementor-divider\">\n\t\t\t<span class=\"elementor-divider-separator\">\n\t\t\t\t\t\t<\/span>\n\t\t<\/div>\n\t\t\t\t\t\t<\/div>\n\t\t\t\t<\/div>\n\t\t\t\t<div class=\"elementor-element elementor-element-4190439 elementor-widget elementor-widget-text-editor\" data-id=\"4190439\" data-element_type=\"widget\" data-e-type=\"widget\" data-widget_type=\"text-editor.default\">\n\t\t\t\t<div class=\"elementor-widget-container\">\n\t\t\t\t\t\t\t\t\t<p><strong>Contactos en Miranda Partners<\/strong><\/p>\t\t\t\t\t\t\t\t<\/div>\n\t\t\t\t<\/div>\n\t\t\t\t<section data-particle_enable=\"false\" data-particle-mobile-disabled=\"false\" class=\"elementor-section elementor-inner-section elementor-element elementor-element-2ac392d elementor-section-boxed elementor-section-height-default elementor-section-height-default\" data-id=\"2ac392d\" data-element_type=\"section\" data-e-type=\"section\">\n\t\t\t\t\t\t<div class=\"elementor-container elementor-column-gap-default\">\n\t\t\t\t\t<div class=\"elementor-column elementor-col-50 elementor-inner-column elementor-element elementor-element-1af5aae\" data-id=\"1af5aae\" data-element_type=\"column\" data-e-type=\"column\">\n\t\t\t<div class=\"elementor-widget-wrap elementor-element-populated\">\n\t\t\t\t\t\t<div class=\"elementor-element elementor-element-6d6616b elementor-widget elementor-widget-text-editor\" data-id=\"6d6616b\" data-element_type=\"widget\" data-e-type=\"widget\" data-widget_type=\"text-editor.default\">\n\t\t\t\t<div class=\"elementor-widget-container\">\n\t\t\t\t\t\t\t\t\t<p><strong>Damian Fraser<\/strong><br \/>Miranda Partners<br \/><a href=\"mailto:damian.fraser@miranda-partners.com\">damian.fraser@miranda-partners.com<\/a><\/p>\t\t\t\t\t\t\t\t<\/div>\n\t\t\t\t<\/div>\n\t\t\t\t\t<\/div>\n\t\t<\/div>\n\t\t\t\t<div class=\"elementor-column elementor-col-50 elementor-inner-column elementor-element elementor-element-fc895f1\" data-id=\"fc895f1\" data-element_type=\"column\" data-e-type=\"column\">\n\t\t\t<div class=\"elementor-widget-wrap elementor-element-populated\">\n\t\t\t\t\t\t<div class=\"elementor-element elementor-element-515add8 elementor-widget elementor-widget-text-editor\" data-id=\"515add8\" data-element_type=\"widget\" data-e-type=\"widget\" data-widget_type=\"text-editor.default\">\n\t\t\t\t<div class=\"elementor-widget-container\">\n\t\t\t\t\t\t\t\t\t<p><strong>Marimar Torreblanca<\/strong><br \/>Miranda ESG<br \/><a href=\"mailto:marimar.torreblanca@miranda-partners.com\">marimar.torreblanca@miranda-partners.com<\/a><\/p>\t\t\t\t\t\t\t\t<\/div>\n\t\t\t\t<\/div>\n\t\t\t\t\t<\/div>\n\t\t<\/div>\n\t\t\t\t\t<\/div>\n\t\t<\/section>\n\t\t\t\t\t<\/div>\n\t\t<\/div>\n\t\t\t\t\t<\/div>\n\t\t<\/section>\n\t\t\t\t<\/div>","protected":false},"excerpt":{"rendered":"<p>Today we celebrate Earth Day, and because of it I want to talk about the story of Earth Day and why we still need to celebrate it. The first Earth Day happened on April 22nd, 1970 in the United States. Inspired by the bestseller Silent Spring by Rachel Carson, and then the push for environmental [&hellip;]<\/p>\n","protected":false},"author":22,"featured_media":5694,"comment_status":"open","ping_status":"open","sticky":false,"template":"","format":"standard","meta":{"content-type":"","footnotes":""},"categories":[26],"tags":[],"class_list":["post-5693","post","type-post","status-publish","format-standard","has-post-thumbnail","hentry","category-esg"],"_links":{"self":[{"href":"https:\/\/miranda-partners.com\/es\/wp-json\/wp\/v2\/posts\/5693","targetHints":{"allow":["GET"]}}],"collection":[{"href":"https:\/\/miranda-partners.com\/es\/wp-json\/wp\/v2\/posts"}],"about":[{"href":"https:\/\/miranda-partners.com\/es\/wp-json\/wp\/v2\/types\/post"}],"author":[{"embeddable":true,"href":"https:\/\/miranda-partners.com\/es\/wp-json\/wp\/v2\/users\/22"}],"replies":[{"embeddable":true,"href":"https:\/\/miranda-partners.com\/es\/wp-json\/wp\/v2\/comments?post=5693"}],"version-history":[{"count":0,"href":"https:\/\/miranda-partners.com\/es\/wp-json\/wp\/v2\/posts\/5693\/revisions"}],"wp:featuredmedia":[{"embeddable":true,"href":"https:\/\/miranda-partners.com\/es\/wp-json\/wp\/v2\/media\/5694"}],"wp:attachment":[{"href":"https:\/\/miranda-partners.com\/es\/wp-json\/wp\/v2\/media?parent=5693"}],"wp:term":[{"taxonomy":"category","embeddable":true,"href":"https:\/\/miranda-partners.com\/es\/wp-json\/wp\/v2\/categories?post=5693"},{"taxonomy":"post_tag","embeddable":true,"href":"https:\/\/miranda-partners.com\/es\/wp-json\/wp\/v2\/tags?post=5693"}],"curies":[{"name":"wp","href":"https:\/\/api.w.org\/{rel}","templated":true}]}}