{"id":4677,"date":"2021-01-15T16:10:21","date_gmt":"2021-01-15T16:10:21","guid":{"rendered":"https:\/\/miranda-partners.com\/?p=4677"},"modified":"2021-01-15T18:14:16","modified_gmt":"2021-01-15T18:14:16","slug":"el-pulso-de-los-medios-enero-2021","status":"publish","type":"post","link":"https:\/\/miranda-partners.com\/es\/el-pulso-de-los-medios-enero-2021\/","title":{"rendered":"El Pulso de los Medios"},"content":{"rendered":"<div data-elementor-type=\"wp-post\" data-elementor-id=\"4677\" class=\"elementor elementor-4677\" data-elementor-post-type=\"post\">\n\t\t\t\t\t\t<section data-particle_enable=\"false\" data-particle-mobile-disabled=\"false\" class=\"elementor-section elementor-top-section elementor-element elementor-element-b8d4fc0 elementor-section-boxed elementor-section-height-default elementor-section-height-default\" data-id=\"b8d4fc0\" data-element_type=\"section\" data-e-type=\"section\">\n\t\t\t\t\t\t<div class=\"elementor-container elementor-column-gap-default\">\n\t\t\t\t\t<div class=\"elementor-column elementor-col-100 elementor-top-column elementor-element elementor-element-e397481\" data-id=\"e397481\" data-element_type=\"column\" data-e-type=\"column\">\n\t\t\t<div class=\"elementor-widget-wrap elementor-element-populated\">\n\t\t\t\t\t\t<div class=\"elementor-element elementor-element-47c381d elementor-widget elementor-widget-text-editor\" data-id=\"47c381d\" data-element_type=\"widget\" data-e-type=\"widget\" data-widget_type=\"text-editor.default\">\n\t\t\t\t<div class=\"elementor-widget-container\">\n\t\t\t\t\t\t\t\t\t<p style=\"text-align: center;\">Por Gabriela Jim\u00e9nez Cubr\u00eda y el equipo de Miranda Media &amp; PR<\/p><p><em>Iniciamos este nuevo a\u00f1o con el pie derecho y con la primera edici\u00f3n de 2021 llena de novedades en los medios mexicanos. Cambios de mando, nuevos espacios y tambi\u00e9n lamentables p\u00e9rdidas que se sigue cobrando la pandemia. Agradecemos infinitamente a quienes nos honran con su suscripci\u00f3n a este newsletter y hacen de esta una comunidad cada vez m\u00e1s grande. <\/em><\/p><p><strong><em>Si deseas recibir El Pulso de los Medios cada mes en tu correo electr\u00f3nico, por favor<\/em> <a href=\"https:\/\/landing.mailerlite.com\/webforms\/landing\/j8s6d3\" target=\"_blank\" rel=\"noopener\">suscr\u00edbete aqu\u00ed.<\/a><\/strong><\/p><h2>\u00a0<\/h2><h2 style=\"text-align: center;\"><strong>Guillermo Ortega reemplaza a Pablo Hiriart en El Financiero: \u00bfcambio de rumbo?<\/strong><\/h2><p>Desde finales de diciembre el veterano <strong>Guillermo Ortega Ruiz<\/strong> dej\u00f3 la direcci\u00f3n de El Diario NTR en Guadalajara para convertirse en el <strong>director general de Informaci\u00f3n Pol\u00edtica y Social en El Financiero<\/strong>, puesto que ocupaba <strong>Pablo Hiriart<\/strong>, ante la necesidad del medio de tener una l\u00ednea m\u00e1s pragm\u00e1tica y menos antag\u00f3nica con el presidente L\u00f3pez Obrador. La decisi\u00f3n ha sido interpretada por algunos como una especie de autocensura por parte del rotativo, y queda por ver si habr\u00e1 un cambio en la l\u00ednea editorial con la llegada de Ortega, quien por d\u00e9cadas fue una de las caras m\u00e1s visibles de Noticieros Televisa.<\/p><p>El mandatario ha hablado abierta y repetidamente en su conferencia de prensa matutina sobre las diferencias que tiene con Hiriart desde la d\u00e9cada de los ochenta por ser cercano al expresidente <strong>Carlos Salinas de Gortari.<\/strong> Hiriart contin\u00faa escribiendo su columna, a menudo cr\u00edtica con L\u00f3pez Obrador, firmada desde Miami, Florida, a donde viaj\u00f3 con el prop\u00f3sito de cubrir la elecci\u00f3n presidencial de Estados Unidos, pero ya no volvi\u00f3. En la publicaci\u00f3n del <a href=\"https:\/\/elfinanciero.com.mx\/opinion\/pablo-hiriart\/politica-y-negocios-antes-que-la-salud\" target=\"_blank\" rel=\"noopener\">pasado 11 de enero<\/a> cit\u00f3 una canci\u00f3n de Joan Manuel Serrat que dice: \u201ctienen doble vida, son sicarios del mal, entre esos tipos y yo hay algo personal\u201d.<\/p><p>Otro movimiento en El Financiero que sorprendi\u00f3 mucho fue la salida de <strong>Javier Risco<\/strong>. Tras seis a\u00f1os, se terminan su columna y su programa \u201cLa Nota Dura\u201d.<\/p><h3 style=\"text-align: left;\"><strong>Fallece Luis Enrique Mercado, pilar del periodismo mexicano<\/strong><\/h3><p>El gremio period\u00edstico perdi\u00f3 el pasado 28 de diciembre a uno de sus integrantes m\u00e1s distinguidos. El zacatecano <strong>Luis Enrique Mercado S\u00e1nchez<\/strong> falleci\u00f3 a los 68 a\u00f1os tras contraer covid-19. Pionero del periodismo econ\u00f3mico y financiero en M\u00e9xico, fue fundador del diario El Economista, el cual dirigi\u00f3 durante 20 a\u00f1os; fue editor de la secci\u00f3n financiera de El Universal y desde 2012 dirigi\u00f3 Imagen Zacatecas, diario que fund\u00f3 desde 1997. Descanse en paz.<\/p><h3><strong>El INAI, bajo ataque<\/strong><\/h3><p>No son pocas las trincheras period\u00edsticas y de la sociedad civil desde las que se ha conformado una defensa del <strong>Instituto Nacional de Acceso a la Informaci\u00f3n (INAI),<\/strong> que recientemente ha estado bajo ataque por parte del presidente Andr\u00e9s Manuel L\u00f3pez Obrador. Desde que el mandatario arremeti\u00f3 por primera vez contra los organismos aut\u00f3nomos y se pronunci\u00f3 por su desaparici\u00f3n, se suman las voces que recuerdan que ha sido a trav\u00e9s de la<strong> Plataforma Nacional de Transparencia e Infomex<\/strong> que se han logrado revelar esc\u00e1ndalos de corrupci\u00f3n que han cambiado la historia del pa\u00eds y han permitido que la sociedad exija cuentas a gobiernos de todos los colores, sin dejar de lado que a\u00fan hay enormes mejoras posibles para el organismo.<\/p><p>Algunos grandes reportajes que no hubieran sido posibles sin solicitudes de transparencia:<\/p><ul><li><a href=\"https:\/\/www.periodismo.org.mx\/assets\/noticia_2001.pdf\" target=\"_blank\" rel=\"noopener\">\u201cPresidencia compra toallas de 4,025 pesos<\/a>\u201d (Anabel Hern\u00e1ndez, Milenio, 2000), mejor conocido como el \u201cToallagate\u201d que se\u00f1alaba los gastos superfluos de la administraci\u00f3n de Vicente Fox.<\/li><li><a href=\"https:\/\/www.pulitzer.org\/winners\/david-barstow-and-alejandra-xanic-von-bertrab\" target=\"_blank\" rel=\"noopener\">\u201cEl pasillo del soborno: \u00bfc\u00f3mo Wal-Mart realiz\u00f3 pagos para salirse con la suya en M\u00e9xico?\u201d,<\/a> reportaje ganador del premio Pulitzer. (Alejandra Xanic y David Barstow, 2013, The New York Times)<\/li><li><a href=\"https:\/\/aristeguinoticias.com\/0911\/mexico\/la-casa-blanca-de-enrique-pena-nieto-en-las-lomas-video\/\" target=\"_blank\" rel=\"noopener\">\u201cLa Casa Blanca de Enrique Pe\u00f1a Nieto\u201d<\/a> (Carmen Aristegui, Irving Huerta, Rafael Cabrera, Daniel Liz\u00e1rraga, Sebasti\u00e1n Barrag\u00e1n y Gustavo Vargue; Aristegui Noticias, 2014)<\/li><li><a href=\"https:\/\/www.animalpolitico.com\/estafa-maestra\/\" target=\"_blank\" rel=\"noopener\">\u201cLa estafa maestra: graduados en desaparecer dinero p\u00fablico\u201d<\/a> (Nayeli Rold\u00e1n, Manuel Ureste, Miriam Castillo; Animal Pol\u00edtico y MCCI, 2017)<\/li><\/ul><h3><strong>Cada vez menos cu\u00f3rum para el Dr. Gatell<\/strong><\/h3><p>Las conferencias de prensa vespertinas que encabeza el subsecretario de Salud, Hugo L\u00f3pez-Gatell <strong>cada vez tienen menos asistentes<\/strong>. Si bien hace unas semanas hubo mucha expectativa por la respuesta que dar\u00eda el funcionario a los se\u00f1alamientos por su viaje familiar a Oaxaca en plena declaratoria de sem\u00e1foro rojo en varias entidades del pa\u00eds, lo cierto es que en las \u00faltimas emisiones <strong>no se avistan m\u00e1s de seis o siete periodistas por conferencia<\/strong>. En el gremio se comenta la cada vez mayor incidencia de contagios entre quienes cubren la fuente de Salud, algunos de los cuales se encuentran <strong>a la espera de resultados de la prueba PCR<\/strong>\u00a0 y en El Pulso de los Medios de diciembre dimos cuenta de un brote del virus entre quienes cubren la ma\u00f1anera del presidente. Hoy, como se sabe, el propio <strong>Jes\u00fas Ram\u00edrez,<\/strong> coordinador de Comunicaci\u00f3n de Presidencia, se encuentra contagiado de covid-19. De acuerdo con el conteo de la organizaci\u00f3n Campa\u00f1a Emblema de Prensa (PEC) a principios de enero <strong>M\u00e9xico ocup\u00f3 el cuarto lugar mundial en fallecimientos de periodistas por covid<\/strong>, con 45 decesos, de un total de 602 a nivel mundial.<\/p><h3><strong>Discordia y Mo\u00ebt &amp; Chandon\u00a0 <\/strong><\/h3><p>Ha causado mucho revuelo el lanzamiento de <strong>La Lista<\/strong>, el nuevo medio digital comandado por B\u00e1rbara Anderson, que comenz\u00f3 a operar a inicios de este a\u00f1o. Uno de sus primeros eventos protagoniz\u00f3 un momento de pol\u00e9mica en redes sociales <a href=\"https:\/\/twitter.com\/lydiacachosi\/status\/1348614680563036161?s=20\" target=\"_blank\" rel=\"noopener\">cuando la periodista Lydia Cacho critic\u00f3<\/a> que para promocionar un foro sobre libertad de expresi\u00f3n en M\u00e9xico el medio enviara a algunos invitados<strong> una botella de champa\u00f1a<\/strong>. Inmediatamente surgi\u00f3 la aclaraci\u00f3n de La Lista se\u00f1alando que la celebraci\u00f3n se hizo por el arranque del nuevo medio. La situaci\u00f3n parece haber incomodado a <strong>Brendan O\u2019Grady<\/strong>, director de Comunicaciones de <strong>The Guardian<\/strong>, pues intervino para decir que el rotativo brit\u00e1nico \u00fanicamente tiene un acuerdo para la publicaci\u00f3n de sus contenidos y que el portal mexicano \u201cno es The Guardian en M\u00e9xico, como algunos han dicho incorrectamente\u201d.<\/p><h3><strong>La nueva unidad de investigaci\u00f3n de ONEA<\/strong><\/h3><p>Seis a\u00f1os despu\u00e9s de su aparici\u00f3n, la <strong>Organizaci\u00f3n Nacional Anticorrupci\u00f3n (ONEA)<\/strong> que dirige <strong>Iv\u00e1n Gidi<\/strong> cre\u00f3 una nueva unidad de investigaci\u00f3n coordinada por <strong>Salvador Vega<\/strong> e integrada por los periodistas <strong>Patricia San Juan<\/strong>, <strong>Tamara Gidi<\/strong> y <strong>Eduardo Buend\u00eda<\/strong>. Tiene el objetivo principal de revelar actos de corrupci\u00f3n y conflictos de inter\u00e9s en el sector p\u00fablico, aunque otra tarea que se han fijado es fiscalizar las funciones de los tres Poderes de la Uni\u00f3n. Este a\u00f1o dar\u00e1n puntual seguimiento a las elecciones. Recientemente se public\u00f3 <a href=\"https:\/\/t.co\/JfmeoELEqc?amp=1\">esta investigaci\u00f3n<\/a> sobre la opacidad del Banco del Bienestar.<\/p><h3><strong>El Heraldo, al podio de la audiencia<\/strong><\/h3><p>En el medallero mexicano de la audiencia por internet hay un nuevo jugador. <strong>El Heraldo de M\u00e9xico ya es el n\u00famero tres del pa\u00eds<\/strong> con 21.8 millones de usuarios \u00fanicos a los que logr\u00f3 llegar en noviembre, seg\u00fan Comscore, lo que habla del gran trabajo de su redacci\u00f3n web. El medio propiedad de Grupo Andrade se ubica por debajo de Grupo Milenio, con 27.6 millones, y de El Universal, con 26.4. Queda por ver c\u00f3mo cambia el tablero para los meses de diciembre y enero, cuando seguramente se refleje la instauraci\u00f3n del modelo de pago en El Universal.<\/p><p>De acuerdo con SocialBakers, entre los medios digitales de pol\u00edtica, los punteros de Twitter son el Semanario Proceso y Sin Embargo, mientras que Animal Pol\u00edtico es el que m\u00e1s crece en esta red social.<\/p><h3><strong>Coordenadas: <\/strong><\/h3><ul><li style=\"list-style-type: none;\"><ul><li>El equipo de <strong>Bloomberg<\/strong> en M\u00e9xico tiene una nueva integrante. <strong>Maya Averbuch<\/strong> estar\u00e1 cubriendo la fuente presidencial a partir de este mes.<\/li><li>Para informar acerca del mercado legal del cannabis en M\u00e9xico surge <a href=\"https:\/\/www.industria420.com\/poltica-editorial\" target=\"_blank\" rel=\"noopener\">Industria420<\/a>. Liderado por <strong>Oswaldo Olivas<\/strong>, este canal cubrir\u00e1 al sector de la marihuana desde una perspectiva de negocios.<\/li><\/ul><\/li><\/ul>\t\t\t\t\t\t\t\t<\/div>\n\t\t\t\t<\/div>\n\t\t\t\t\t<\/div>\n\t\t<\/div>\n\t\t\t\t\t<\/div>\n\t\t<\/section>\n\t\t\t\t<\/div>","protected":false},"excerpt":{"rendered":"<p>La primera edici\u00f3n de Miranda de Media Pulse tiene las \u00faltimas noticias de los medios mexicanos. Cambios de liderazgo, nuevos medios de comunicaci\u00f3n y p\u00e9rdidas m\u00e1s tr\u00e1gicas de periodistas de Covid-19.<\/p>","protected":false},"author":9,"featured_media":4687,"comment_status":"open","ping_status":"open","sticky":false,"template":"","format":"standard","meta":{"content-type":"","footnotes":""},"categories":[29],"tags":[38,32,33,35,37],"class_list":["post-4677","post","type-post","status-publish","format-standard","has-post-thumbnail","hentry","category-media","tag-journalism","tag-media","tag-medios","tag-mexico-2","tag-periodismo"],"_links":{"self":[{"href":"https:\/\/miranda-partners.com\/es\/wp-json\/wp\/v2\/posts\/4677","targetHints":{"allow":["GET"]}}],"collection":[{"href":"https:\/\/miranda-partners.com\/es\/wp-json\/wp\/v2\/posts"}],"about":[{"href":"https:\/\/miranda-partners.com\/es\/wp-json\/wp\/v2\/types\/post"}],"author":[{"embeddable":true,"href":"https:\/\/miranda-partners.com\/es\/wp-json\/wp\/v2\/users\/9"}],"replies":[{"embeddable":true,"href":"https:\/\/miranda-partners.com\/es\/wp-json\/wp\/v2\/comments?post=4677"}],"version-history":[{"count":0,"href":"https:\/\/miranda-partners.com\/es\/wp-json\/wp\/v2\/posts\/4677\/revisions"}],"wp:featuredmedia":[{"embeddable":true,"href":"https:\/\/miranda-partners.com\/es\/wp-json\/wp\/v2\/media\/4687"}],"wp:attachment":[{"href":"https:\/\/miranda-partners.com\/es\/wp-json\/wp\/v2\/media?parent=4677"}],"wp:term":[{"taxonomy":"category","embeddable":true,"href":"https:\/\/miranda-partners.com\/es\/wp-json\/wp\/v2\/categories?post=4677"},{"taxonomy":"post_tag","embeddable":true,"href":"https:\/\/miranda-partners.com\/es\/wp-json\/wp\/v2\/tags?post=4677"}],"curies":[{"name":"wp","href":"https:\/\/api.w.org\/{rel}","templated":true}]}}