{"id":4560,"date":"2021-01-14T10:41:00","date_gmt":"2021-01-14T10:41:00","guid":{"rendered":"https:\/\/miranda-partners.com\/?p=4560"},"modified":"2021-01-22T01:25:30","modified_gmt":"2021-01-22T01:25:30","slug":"todo-lo-que-tienes-que-saber-vacunas-covid-mexico","status":"publish","type":"post","link":"https:\/\/miranda-partners.com\/es\/covid_vacunas_mexico\/","title":{"rendered":"Todo lo que necesitas saber sobre la campa\u00f1a de vacunaci\u00f3n contra el covid-19"},"content":{"rendered":"<div data-elementor-type=\"wp-post\" data-elementor-id=\"4560\" class=\"elementor elementor-4560\" data-elementor-post-type=\"post\">\n\t\t\t\t\t\t<section data-particle_enable=\"false\" data-particle-mobile-disabled=\"false\" class=\"elementor-section elementor-top-section elementor-element elementor-element-b8d4fc0 elementor-section-boxed elementor-section-height-default elementor-section-height-default\" data-id=\"b8d4fc0\" data-element_type=\"section\" data-e-type=\"section\">\n\t\t\t\t\t\t<div class=\"elementor-container elementor-column-gap-default\">\n\t\t\t\t\t<div class=\"elementor-column elementor-col-100 elementor-top-column elementor-element elementor-element-e397481\" data-id=\"e397481\" data-element_type=\"column\" data-e-type=\"column\">\n\t\t\t<div class=\"elementor-widget-wrap elementor-element-populated\">\n\t\t\t\t\t\t<div class=\"elementor-element elementor-element-47c381d elementor-widget elementor-widget-text-editor\" data-id=\"47c381d\" data-element_type=\"widget\" data-e-type=\"widget\" data-widget_type=\"text-editor.default\">\n\t\t\t\t<div class=\"elementor-widget-container\">\n\t\t\t\t\t\t\t\t\t<p style=\"text-align: center;\">Por <a href=\"https:\/\/www.linkedin.com\/in\/oscar-alcantara\/\" target=\"_blank\" rel=\"noopener\">Oscar Alc\u00e1ntara Vida\u00f1a<\/a><\/p><p>Antes de que cualquier autoridad m\u00e9dica aprobara alguna vacuna contra el covid-19, el presidente L\u00f3pez Obrador ya hab\u00eda anunciado que su aplicaci\u00f3n en M\u00e9xico ser\u00eda universal y gratuita, lo que la convertir\u00eda en un reto fara\u00f3nico para su gobierno.<\/p><p>Ahora que es una realidad surgen dudas sobre el orden en el que las distintas vacunas ser\u00e1n administradas, las fechas y las marcas de origen de cada una. \u00a0A continuaci\u00f3n, hacemos un recuento de la informaci\u00f3n publicada sobre el programa nacional de vacunaci\u00f3n, sus avances y las pr\u00f3ximas aplicaciones.<\/p><p><img fetchpriority=\"high\" decoding=\"async\" class=\"wp-image-4622 aligncenter\" src=\"https:\/\/miranda-partners.com\/wp-content\/uploads\/2021\/01\/Screen-Shot-2021-01-14-at-14.35.17-300x203.png\" alt=\"\" width=\"600\" height=\"405\" srcset=\"https:\/\/miranda-partners.com\/wp-content\/uploads\/2021\/01\/Screen-Shot-2021-01-14-at-14.35.17-300x203.png 300w, https:\/\/miranda-partners.com\/wp-content\/uploads\/2021\/01\/Screen-Shot-2021-01-14-at-14.35.17-768x519.png 768w, https:\/\/miranda-partners.com\/wp-content\/uploads\/2021\/01\/Screen-Shot-2021-01-14-at-14.35.17-16x12.png 16w, https:\/\/miranda-partners.com\/wp-content\/uploads\/2021\/01\/Screen-Shot-2021-01-14-at-14.35.17.png 783w\" sizes=\"(max-width: 600px) 100vw, 600px\" \/><\/p><p><strong>El plan original<\/strong><\/p><p>El 8 de diciembre miembros del gabinete presidencial presentaron las <a href=\"https:\/\/www.eluniversal.com.mx\/nacion\/vacuna-coronavirus-asi-seran-las-cuatro-etapas-en-mexico\" target=\"_blank\" rel=\"noopener\">cinco etapas de vacunaci\u00f3n<\/a> en las que se priorizar\u00eda a los m\u00e9dicos de hospitales covid-19 y a la poblaci\u00f3n mayor de 60 a\u00f1os. Semanas m\u00e1s tarde el gobierno realizar\u00eda cambios sutiles pero importantes a este programa: dentro de la poblaci\u00f3n de m\u00e1s de 60 a\u00f1os se vacunar\u00eda primero a aquellos en localidades apartadas y dentro de la poblaci\u00f3n de menos de 60 a\u00f1os, docentes y personas con comorbilidades tendr\u00edan prioridad. Los tiempos de vacunaci\u00f3n permanecieron intactos, a pesar de una implementaci\u00f3n inicial lenta.<\/p><p><img decoding=\"async\" class=\"aligncenter wp-image-4607\" src=\"https:\/\/miranda-partners.com\/wp-content\/uploads\/2021\/01\/Screen-Shot-2021-01-14-at-11.52.24-300x213.png\" alt=\"\" width=\"598\" height=\"425\" srcset=\"https:\/\/miranda-partners.com\/wp-content\/uploads\/2021\/01\/Screen-Shot-2021-01-14-at-11.52.24-300x213.png 300w, https:\/\/miranda-partners.com\/wp-content\/uploads\/2021\/01\/Screen-Shot-2021-01-14-at-11.52.24-16x12.png 16w, https:\/\/miranda-partners.com\/wp-content\/uploads\/2021\/01\/Screen-Shot-2021-01-14-at-11.52.24.png 696w\" sizes=\"(max-width: 598px) 100vw, 598px\" \/><\/p><p><strong>\u00a0<\/strong><strong>Primero el personal sanitario <\/strong><\/p><p>Al 13 de enero, el gobierno de M\u00e9xico hab\u00eda aplicado 192,567 dosis de la vacuna de Pfizer\/BioNTech. Si consideramos que esta vacuna requiere de dos dosis, las cuales se aplican con alrededor de <a href=\"https:\/\/espanol.cdc.gov\/coronavirus\/2019-ncov\/vaccines\/different-vaccines\/Pfizer-BioNTech.html\" target=\"_blank\" rel=\"noopener\">21 d\u00edas de diferencia<\/a>, se habr\u00edan vacunado a apenas 96,283 integrantes del personal m\u00e9dico de hospitales covid -19 (esta cifra incluye a personas que no son personal m\u00e9dico pero que <a href=\"https:\/\/www.animalpolitico.com\/2020\/12\/edomex-sancion-director-vacunar-familiares-covid\/\" target=\"_blank\" rel=\"noopener\">obtuvieron la vacuna antes de tiempo<\/a>).<\/p><p><img decoding=\"async\" class=\"aligncenter wp-image-4585\" src=\"https:\/\/miranda-partners.com\/wp-content\/uploads\/2021\/01\/UBGIW-dosis-aplicadas-de-la-vacuna-de-covid-19-3-300x217.png\" alt=\"\" width=\"600\" height=\"433\" srcset=\"https:\/\/miranda-partners.com\/wp-content\/uploads\/2021\/01\/UBGIW-dosis-aplicadas-de-la-vacuna-de-covid-19-3-300x217.png 300w, https:\/\/miranda-partners.com\/wp-content\/uploads\/2021\/01\/UBGIW-dosis-aplicadas-de-la-vacuna-de-covid-19-3-1024x740.png 1024w, https:\/\/miranda-partners.com\/wp-content\/uploads\/2021\/01\/UBGIW-dosis-aplicadas-de-la-vacuna-de-covid-19-3-768x555.png 768w, https:\/\/miranda-partners.com\/wp-content\/uploads\/2021\/01\/UBGIW-dosis-aplicadas-de-la-vacuna-de-covid-19-3-16x12.png 16w, https:\/\/miranda-partners.com\/wp-content\/uploads\/2021\/01\/UBGIW-dosis-aplicadas-de-la-vacuna-de-covid-19-3.png 1440w\" sizes=\"(max-width: 600px) 100vw, 600px\" \/><\/p><p>Al 13 de enero, en promedio se han aplicado 8,917 dosis diarias. Para que el gobierno federal logre su objetivo de vacunar a 700 mil trabajadores de la salud (1 mill\u00f3n 400 mil dosis) para finales de enero, deber\u00e1 de aplicar 67,079 dosis diarias en promedio.<\/p><p><strong>\u00bfEl gobierno lograr\u00e1 el primer objetivo?<\/strong><\/p><p>En estricto sentido, no. Esto se debe a los 21 d\u00edas en promedio que deben de pasar entre la aplicaci\u00f3n de la primera dosis y\u00a0\u00a0 la segunda. Si bien la totalidad del personal m\u00e9dico de hospitales covid-19 puede recibir la primera dosis antes de finalizar enero, todav\u00eda les har\u00eda falta la segunda. La forma en la que el gobierno presente sus resultados determinar\u00e1 si el p\u00fablico lo toma como un peque\u00f1o triunfo o una primera derrota.<\/p><p><img loading=\"lazy\" decoding=\"async\" class=\"aligncenter wp-image-4588\" src=\"https:\/\/miranda-partners.com\/wp-content\/uploads\/2021\/01\/rsz_uledk-arribo-de-vacunas-de-pfizer_1-2-300x193.png\" alt=\"\" width=\"600\" height=\"386\" srcset=\"https:\/\/miranda-partners.com\/wp-content\/uploads\/2021\/01\/rsz_uledk-arribo-de-vacunas-de-pfizer_1-2-300x193.png 300w, https:\/\/miranda-partners.com\/wp-content\/uploads\/2021\/01\/rsz_uledk-arribo-de-vacunas-de-pfizer_1-2-1024x658.png 1024w, https:\/\/miranda-partners.com\/wp-content\/uploads\/2021\/01\/rsz_uledk-arribo-de-vacunas-de-pfizer_1-2-768x494.png 768w, https:\/\/miranda-partners.com\/wp-content\/uploads\/2021\/01\/rsz_uledk-arribo-de-vacunas-de-pfizer_1-2-16x10.png 16w, https:\/\/miranda-partners.com\/wp-content\/uploads\/2021\/01\/rsz_uledk-arribo-de-vacunas-de-pfizer_1-2.png 1400w\" sizes=\"(max-width: 600px) 100vw, 600px\" \/><\/p><p style=\"text-align: center;\"><em>Se tiene contemplado que para enero se reciban 1 mill\u00f3n 420 mil 575 dosis dosis, las cuales ser\u00e1n aplicadas durante enero tanto al personal sanitario como a la poblaci\u00f3n mayor de 60 a\u00f1os en comunidades apartadas.<\/em><\/p><p><strong>Poblaci\u00f3n adulta<\/strong><\/p><p>A semanas de empezar la vacunaci\u00f3n de adultos mayores de 60 a\u00f1os y m\u00e1s, el gobierno federal ha comunicado ciertas discrepancias que deber\u00edan de preocupar. En algunas ocasiones el presidente ha mencionado que existen <a href=\"https:\/\/www.elfinanciero.com.mx\/nacional\/15-millones-de-adultos-mayores-seran-vacunados-contra-covid-19-entre-enero-y-abril-amlo\" target=\"_blank\" rel=\"noopener\">15 millones<\/a> de adultos mayores y en otras <a href=\"https:\/\/www.animalpolitico.com\/2021\/01\/plan-vacunas-covid-adultos-mayores\/\" target=\"_blank\" rel=\"noopener\">12 millones 450 mil<\/a>. Una diferencia as\u00ed generar\u00eda que la vacunaci\u00f3n pudiera extenderse un par de semanas m\u00e1s.<\/p><p>De manera m\u00e1s certera, el gobierno federal dividi\u00f3 a la poblaci\u00f3n adulta en tres grupos de acuerdo al tipo de localidad en la que residen. Los adultos mayores ubicados en zonas remotas ser\u00edan vacunados a finales de enero con la vacuna de Pfizer\/BioNTech, lo que podr\u00eda presentar retos log\u00edsticos dado los altos niveles de refrigeraci\u00f3n que requiere y la dificultad para llegar a dichas zonas. Pocos d\u00edas antes, el presidente dijo que iba a buscar la manera de que a esta poblaci\u00f3n se le aplicara la vacuna de CanSino, la cual s\u00f3lo requiere de una dosis, pero por las fechas de entrega de la farmac\u00e9utica china este objetivo no se logr\u00f3.<\/p><p><img loading=\"lazy\" decoding=\"async\" class=\"aligncenter wp-image-4589\" src=\"https:\/\/miranda-partners.com\/wp-content\/uploads\/2021\/01\/Screen-Shot-2021-01-14-at-08.00.00-300x199.png\" alt=\"\" width=\"600\" height=\"399\" srcset=\"https:\/\/miranda-partners.com\/wp-content\/uploads\/2021\/01\/Screen-Shot-2021-01-14-at-08.00.00-300x199.png 300w, https:\/\/miranda-partners.com\/wp-content\/uploads\/2021\/01\/Screen-Shot-2021-01-14-at-08.00.00-768x511.png 768w, https:\/\/miranda-partners.com\/wp-content\/uploads\/2021\/01\/Screen-Shot-2021-01-14-at-08.00.00-16x12.png 16w, https:\/\/miranda-partners.com\/wp-content\/uploads\/2021\/01\/Screen-Shot-2021-01-14-at-08.00.00.png 797w\" sizes=\"(max-width: 600px) 100vw, 600px\" \/><\/p><p>En caso de ser aprobada por la Cofepris, la vacuna rusa Sputnik V ser\u00eda destinada a los adultos mayores en ciudades de tama\u00f1o intermedio a partir de finales de enero. Los adultos mayores que residen en ciudades grandes obtendr\u00edan la vacuna de CanSino. Hasta el momento no se han aclarado los par\u00e1metros espec\u00edficos para determinar el tipo de localidad.<\/p><p><strong>\u00bfY el resto de la poblaci\u00f3n?<\/strong><\/p><p><strong>\u00a0<\/strong>Aunque hay menos informaci\u00f3n sobre qu\u00e9 vacuna se aplicar\u00e1 a qu\u00e9 grupo y si se le dar\u00e1 prioridad a ciertas zonas geogr\u00e1ficas, el plan de vacunaci\u00f3n actual estipula que se vacunar\u00e1 a la poblaci\u00f3n menor de 60 a\u00f1os a partir de abril. En las \u00faltimas semanas se han establecido dos grupos que tendr\u00e1n prioridad, aunque no resulta claro cu\u00e1l ser\u00e1 m\u00e1s importante:<\/p><ul><li>Maestros en entidades en sem\u00e1foro verde (al d\u00eda de hoy s\u00f3lo Campeche y Chiapas est\u00e1n en esta situaci\u00f3n)<\/li><li>Poblaci\u00f3n con comorbilidades<\/li><\/ul><p>Posteriormente, se vacunar\u00e1 primero a las personas de entre 50 y 59 a\u00f1os, luego a quienes tengan entre 40 y 49 y al final aquellas menores de 40. Hasta la fecha no se tiene informaci\u00f3n sobre el proceso de vacunaci\u00f3n a menores de 16 a\u00f1os.<\/p><p>Notas de inter\u00e9s:<\/p><p><a href=\"https:\/\/www.elfinanciero.com.mx\/economia\/preve-banxico-crecer-hasta-5-3-con-vacuna\" target=\"_blank\" rel=\"noopener\">Herrera: se deber\u00eda de vacunar primero a personas en actividades econ\u00f3micas esenciales<\/a><\/p>\t\t\t\t\t\t\t\t<\/div>\n\t\t\t\t<\/div>\n\t\t\t\t\t<\/div>\n\t\t<\/div>\n\t\t\t\t\t<\/div>\n\t\t<\/section>\n\t\t\t\t<\/div>","protected":false},"excerpt":{"rendered":"<p>\u00bfQu\u00e9 vacunas estar\u00e1n siendo aplicadas en M\u00e9xico y cu\u00e1ndo? Hacemos un recuento de lo m\u00e1s relevante sobre el proceso de vacunaci\u00f3n en M\u00e9xico<\/p>","protected":false},"author":22,"featured_media":4603,"comment_status":"open","ping_status":"open","sticky":false,"template":"","format":"standard","meta":{"content-type":"","footnotes":""},"categories":[29],"tags":[],"class_list":["post-4560","post","type-post","status-publish","format-standard","has-post-thumbnail","hentry","category-media"],"_links":{"self":[{"href":"https:\/\/miranda-partners.com\/es\/wp-json\/wp\/v2\/posts\/4560","targetHints":{"allow":["GET"]}}],"collection":[{"href":"https:\/\/miranda-partners.com\/es\/wp-json\/wp\/v2\/posts"}],"about":[{"href":"https:\/\/miranda-partners.com\/es\/wp-json\/wp\/v2\/types\/post"}],"author":[{"embeddable":true,"href":"https:\/\/miranda-partners.com\/es\/wp-json\/wp\/v2\/users\/22"}],"replies":[{"embeddable":true,"href":"https:\/\/miranda-partners.com\/es\/wp-json\/wp\/v2\/comments?post=4560"}],"version-history":[{"count":0,"href":"https:\/\/miranda-partners.com\/es\/wp-json\/wp\/v2\/posts\/4560\/revisions"}],"wp:featuredmedia":[{"embeddable":true,"href":"https:\/\/miranda-partners.com\/es\/wp-json\/wp\/v2\/media\/4603"}],"wp:attachment":[{"href":"https:\/\/miranda-partners.com\/es\/wp-json\/wp\/v2\/media?parent=4560"}],"wp:term":[{"taxonomy":"category","embeddable":true,"href":"https:\/\/miranda-partners.com\/es\/wp-json\/wp\/v2\/categories?post=4560"},{"taxonomy":"post_tag","embeddable":true,"href":"https:\/\/miranda-partners.com\/es\/wp-json\/wp\/v2\/tags?post=4560"}],"curies":[{"name":"wp","href":"https:\/\/api.w.org\/{rel}","templated":true}]}}