{"id":16198,"date":"2025-02-14T07:25:07","date_gmt":"2025-02-14T13:25:07","guid":{"rendered":"https:\/\/miranda-partners.com\/?p=16198"},"modified":"2025-02-14T07:25:07","modified_gmt":"2025-02-14T13:25:07","slug":"mp-appoints-eg-sr-advisor","status":"publish","type":"post","link":"https:\/\/miranda-partners.com\/es\/mp-appoints-eg-sr-advisor\/","title":{"rendered":"Miranda Partners Nombra a Eduardo Garc\u00eda como Senior Advisor"},"content":{"rendered":"<p>Miranda Partners anuncia la incorporaci\u00f3n de\u00a0<strong>Eduardo Garc\u00eda<\/strong>\u00a0como\u00a0<strong>Senior Advisor.<\/strong>\u00a0en nuestra divisi\u00f3n de Media.<\/p>\n<p>&nbsp;<\/p>\n<p>Eduardo cuenta con m\u00e1s de\u00a0<strong>30 a\u00f1os de experiencia<\/strong>\u00a0en periodismo de negocios y finanzas en M\u00e9xico. Fue fundador y director editorial de\u00a0<strong>Sentido Com\u00fan<\/strong>, una de las principales plataformas digitales de noticias econ\u00f3micas en el pa\u00eds. Tras la exitosa venta de Sentido Com\u00fan a\u00a0Infosel, <strong>la plataforma l\u00edder en noticias financieras y datos de mercado en M\u00e9xico,\u00a0<\/strong>Eduardo dirigi\u00f3 su equipo de noticias por m\u00e1s de seis a\u00f1os. Antes de eso, fue el primer jefe de la oficina de\u00a0<strong>Bloomberg News en M\u00e9xico<\/strong>, donde lider\u00f3 la cobertura econ\u00f3mica y corporativa del pa\u00eds.<\/p>\n<p>&nbsp;<\/p>\n<p>Eduardo tiene una\u00a0Maestr\u00eda en Periodismo por NYU\u00a0y una\u00a0licenciatura en Econom\u00eda por el ITAM.<\/p>\n<p>&nbsp;<\/p>\n<p>Su profundo conocimiento del entorno empresarial en M\u00e9xico, combinado con su experiencia editorial, lo convierten en un activo clave para\u00a0<strong>Miranda Partners<\/strong>\u00a0Miranda Partners en su crecimiento y expansi\u00f3n en el mercado.<\/p>\n<p><strong>\u00a0<\/strong><\/p>\n<p><strong>\"La trayectoria de Eduardo en periodismo financiero y an\u00e1lisis de negocios en M\u00e9xico ser\u00e1 invaluable para nuestra firma\",\u00a0<\/strong>\u00a0dijo\u00a0<strong>Damian Fraser, Director General y Fundador de Miranda Partners<\/strong>.\u00a0<strong>\"Esperamos aprovechar su experiencia para ayudar a nuestros clientes a alcanzar sus objetivos de comunicaci\u00f3n.\"<\/strong><\/p>\n<p>&nbsp;<\/p>\n<p>Por su parte, Eduardo coment\u00f3:\u00a0\u00a0<strong>\"Me entusiasma unirme a Miranda Partners. La firma se ha consolidado r\u00e1pidamente como la principal agencia de comunicaci\u00f3n corporativa y financiera en M\u00e9xico, y espero contribuir a su crecimiento.\"<\/strong><\/p>\n<p>&nbsp;<\/p>\n<p>&nbsp;<\/p>\n<p><strong>&#8212;&#8212;&#8211;<\/strong><\/p>\n<p>&nbsp;<\/p>\n<p>Para mayor informaci\u00f3n, por favor contacte a:<\/p>\n<p><strong>\u00a0<\/strong><\/p>\n<p><strong>Gabriela Jim\u00e9nez<\/strong><br \/>\n<a href=\"mailto:gabriela.jimenez@miranda-partners.com\">gabriela.jimenez@miranda-partners.com<\/a><\/p>\n<p>&nbsp;<\/p>\n<p><strong>Eduardo Garc\u00eda<\/strong><\/p>\n<p><a href=\"mailto:eduardo.garcia@miranda-partners.com\">eduardo.garcia@miranda-partners.com<\/a><\/p>","protected":false},"excerpt":{"rendered":"<p>Miranda Partners is pleased to announce the appointment of\u00a0Eduardo Garc\u00eda\u00a0as\u00a0Senior Advisor\u00a0in our Media division. &nbsp; Eduardo has over\u00a030 years of experience\u00a0in business and financial journalism in Mexico. He was the\u00a0Founder and Editor-in-Chief of Sentido Com\u00fan, a respected digital-only business news platform in Mexico. Following the successful sale of Sentido Com\u00fan to Infosel, Mexico\u2019s leading financial [&hellip;]<\/p>\n","protected":false},"author":29,"featured_media":252,"comment_status":"closed","ping_status":"closed","sticky":false,"template":"","format":"standard","meta":{"content-type":"","footnotes":""},"categories":[60],"tags":[],"class_list":["post-16198","post","type-post","status-publish","format-standard","has-post-thumbnail","hentry","category-updates"],"_links":{"self":[{"href":"https:\/\/miranda-partners.com\/es\/wp-json\/wp\/v2\/posts\/16198","targetHints":{"allow":["GET"]}}],"collection":[{"href":"https:\/\/miranda-partners.com\/es\/wp-json\/wp\/v2\/posts"}],"about":[{"href":"https:\/\/miranda-partners.com\/es\/wp-json\/wp\/v2\/types\/post"}],"author":[{"embeddable":true,"href":"https:\/\/miranda-partners.com\/es\/wp-json\/wp\/v2\/users\/29"}],"replies":[{"embeddable":true,"href":"https:\/\/miranda-partners.com\/es\/wp-json\/wp\/v2\/comments?post=16198"}],"version-history":[{"count":1,"href":"https:\/\/miranda-partners.com\/es\/wp-json\/wp\/v2\/posts\/16198\/revisions"}],"predecessor-version":[{"id":16199,"href":"https:\/\/miranda-partners.com\/es\/wp-json\/wp\/v2\/posts\/16198\/revisions\/16199"}],"wp:featuredmedia":[{"embeddable":true,"href":"https:\/\/miranda-partners.com\/es\/wp-json\/wp\/v2\/media\/252"}],"wp:attachment":[{"href":"https:\/\/miranda-partners.com\/es\/wp-json\/wp\/v2\/media?parent=16198"}],"wp:term":[{"taxonomy":"category","embeddable":true,"href":"https:\/\/miranda-partners.com\/es\/wp-json\/wp\/v2\/categories?post=16198"},{"taxonomy":"post_tag","embeddable":true,"href":"https:\/\/miranda-partners.com\/es\/wp-json\/wp\/v2\/tags?post=16198"}],"curies":[{"name":"wp","href":"https:\/\/api.w.org\/{rel}","templated":true}]}}