{"id":13627,"date":"2024-05-30T12:46:42","date_gmt":"2024-05-30T18:46:42","guid":{"rendered":"https:\/\/miranda-partners.com\/?p=13627"},"modified":"2024-06-12T13:01:54","modified_gmt":"2024-06-12T19:01:54","slug":"tienes-calor","status":"publish","type":"post","link":"https:\/\/miranda-partners.com\/es\/are-you-feeling-the-heat\/","title":{"rendered":"\u00bfTienes calor?"},"content":{"rendered":"<div data-elementor-type=\"wp-post\" data-elementor-id=\"13627\" class=\"elementor elementor-13627\" data-elementor-post-type=\"post\">\n\t\t\t\t\t\t<section data-particle_enable=\"false\" data-particle-mobile-disabled=\"false\" class=\"elementor-section elementor-top-section elementor-element elementor-element-7d4e739 elementor-section-boxed elementor-section-height-default elementor-section-height-default\" data-id=\"7d4e739\" data-element_type=\"section\" data-e-type=\"section\">\n\t\t\t\t\t\t<div class=\"elementor-container elementor-column-gap-default\">\n\t\t\t\t\t<div class=\"elementor-column elementor-col-100 elementor-top-column elementor-element elementor-element-edac1f4\" data-id=\"edac1f4\" data-element_type=\"column\" data-e-type=\"column\">\n\t\t\t<div class=\"elementor-widget-wrap elementor-element-populated\">\n\t\t\t\t\t\t<div class=\"elementor-element elementor-element-921dbc0 elementor-widget elementor-widget-text-editor\" data-id=\"921dbc0\" data-element_type=\"widget\" data-e-type=\"widget\" data-widget_type=\"text-editor.default\">\n\t\t\t\t<div class=\"elementor-widget-container\">\n\t\t\t\t\t\t\t\t\t<p style=\"font-weight: 400;\">Esta semana quiero hablar sobre lo cu\u00e1nto han cambiado las temperaturas ya. Todos los que vivimos en M\u00e9xico lo hemos sentido. Para los que no viven aqu\u00ed, en los \u00faltimos meses M\u00e9xico ha estado lidiando con una de las olas de calor m\u00e1s severas de su historia. Las temperaturas sofocantes no solo han puesto a prueba la resiliencia de su poblaci\u00f3n, sino que tambi\u00e9n han resaltado la urgente necesidad de abordar el cambio clim\u00e1tico.<\/p><p style=\"font-weight: 400;\">Estados como Sonora, Sinaloa y Baja California han experimentado algunas de las temperaturas m\u00e1s altas, llevando la salud p\u00fablica y la infraestructura a sus l\u00edmites. Incluso la Ciudad de M\u00e9xico ha alcanzado temperaturas r\u00e9cord varias veces en las \u00faltimas semanas.<\/p><p style=\"font-weight: 400;\">Las repercusiones econ\u00f3micas de una ola de calor son sustanciales. La productividad agr\u00edcola cae en picada debido a los cultivos quemados y la escasez de agua. El ganado tambi\u00e9n sufre p\u00e9rdidas significativas, con muchos animales sucumbiendo a las condiciones extremas. El consumo de energ\u00eda se dispara mientras los residentes intentan refrescarse, lo que lleva a cortes de energ\u00eda y pone una inmensa presi\u00f3n sobre la red el\u00e9ctrica. Esto resulta en mayores costos operativos y recursos agotados. Los incendios forestales se vuelven m\u00e1s frecuentes e intensos (como lo vimos en Valle de Bravo). Destruyen vastas extensiones de tierra y liberan grandes cantidades de di\u00f3xido de carbono en la atm\u00f3sfera. Esto contribuye a un ciclo vicioso de aumento de temperaturas y empeoramiento de las condiciones clim\u00e1ticas.<\/p><p style=\"font-weight: 400;\">Y si esto te parece exagerado, solo mira esta gr\u00e1fica:<\/p><p><img fetchpriority=\"high\" decoding=\"async\" class=\"wp-image-13641 aligncenter\" src=\"https:\/\/miranda-partners.com\/wp-content\/uploads\/2024\/05\/Unknown-1.png\" alt=\"\" width=\"501\" height=\"301\" srcset=\"https:\/\/miranda-partners.com\/wp-content\/uploads\/2024\/05\/Unknown-1.png 480w, https:\/\/miranda-partners.com\/wp-content\/uploads\/2024\/05\/Unknown-1-300x180.png 300w, https:\/\/miranda-partners.com\/wp-content\/uploads\/2024\/05\/Unknown-1-18x12.png 18w\" sizes=\"(max-width: 501px) 100vw, 501px\" \/><\/p><p><em>Fuente: Conagua<\/em><\/p><p style=\"font-weight: 400;\">Las recientes olas de calor en M\u00e9xico y en otros lugares son un recordatorio contundente de la urgente necesidad de abordar el cambio clim\u00e1tico de frente. A medida que las temperaturas contin\u00faan aumentando y los eventos clim\u00e1ticos extremos se vuelven m\u00e1s frecuentes, el momento para actuar es ahora. Y todos podemos ayudar\u2026 si quieres 3 ideas, toma estas:<\/p><ol><li style=\"font-weight: 400;\">Apaga las luces cuando no las est\u00e9s usando, usa electrodom\u00e9sticos de bajo consumo energ\u00e9tico y ajusta tu termostato a una temperatura ecol\u00f3gica.<\/li><li style=\"font-weight: 400;\">Reduce tu consumo de carne, incluso si es s\u00f3lo por unos d\u00edas a la semana.<\/li><li style=\"font-weight: 400;\">Si est\u00e1 disponible, cambia a proveedores de energ\u00eda verde que utilicen fuentes renovables como la e\u00f3lica, solar o hidroel\u00e9ctrica.<\/li><\/ol><p style=\"font-weight: 400;\">Enfrentar esta crisis requiere de la participaci\u00f3n de todos. Peque\u00f1as acciones diarias pueden generar un gran impacto colectivo. Juntos, podemos trabajar hacia un futuro m\u00e1s sostenible y resiliente.<\/p><p style=\"font-weight: 400;\">Espero que esto te haya parecido interesante. Como siempre, si hay algo en lo que pudi\u00e9ramos ayudar, o si hay un tema de ESG del cual quisieras saber m\u00e1s, por favor h\u00e1znoslo saber.<\/p><p class=\"x_MsoNormal\">Saludos,<\/p><p class=\"x_MsoNormal\">Marimar<\/p><p class=\"x_MsoNormal\"><i>CEO, Miranda ESG<\/i><\/p>\t\t\t\t\t\t\t\t<\/div>\n\t\t\t\t<\/div>\n\t\t\t\t<div class=\"elementor-element elementor-element-02f8b64 elementor-widget-divider--view-line elementor-widget elementor-widget-divider\" data-id=\"02f8b64\" data-element_type=\"widget\" data-e-type=\"widget\" data-widget_type=\"divider.default\">\n\t\t\t\t<div class=\"elementor-widget-container\">\n\t\t\t\t\t\t\t<div class=\"elementor-divider\">\n\t\t\t<span class=\"elementor-divider-separator\">\n\t\t\t\t\t\t<\/span>\n\t\t<\/div>\n\t\t\t\t\t\t<\/div>\n\t\t\t\t<\/div>\n\t\t\t\t<div class=\"elementor-element elementor-element-4190439 elementor-widget elementor-widget-text-editor\" data-id=\"4190439\" data-element_type=\"widget\" data-e-type=\"widget\" data-widget_type=\"text-editor.default\">\n\t\t\t\t<div class=\"elementor-widget-container\">\n\t\t\t\t\t\t\t\t\t<p><strong>Contactos en Miranda Partners<\/strong><\/p>\t\t\t\t\t\t\t\t<\/div>\n\t\t\t\t<\/div>\n\t\t\t\t<section data-particle_enable=\"false\" data-particle-mobile-disabled=\"false\" class=\"elementor-section elementor-inner-section elementor-element elementor-element-2ac392d elementor-section-boxed elementor-section-height-default elementor-section-height-default\" data-id=\"2ac392d\" data-element_type=\"section\" data-e-type=\"section\">\n\t\t\t\t\t\t<div class=\"elementor-container elementor-column-gap-default\">\n\t\t\t\t\t<div class=\"elementor-column elementor-col-50 elementor-inner-column elementor-element elementor-element-1af5aae\" data-id=\"1af5aae\" data-element_type=\"column\" data-e-type=\"column\">\n\t\t\t<div class=\"elementor-widget-wrap elementor-element-populated\">\n\t\t\t\t\t\t<div class=\"elementor-element elementor-element-6d6616b elementor-widget elementor-widget-text-editor\" data-id=\"6d6616b\" data-element_type=\"widget\" data-e-type=\"widget\" data-widget_type=\"text-editor.default\">\n\t\t\t\t<div class=\"elementor-widget-container\">\n\t\t\t\t\t\t\t\t\t<p><strong>Damian Fraser<\/strong><br \/>Miranda Partners<br \/><a href=\"mailto:damian.fraser@miranda-partners.com\">damian.fraser@miranda-partners.com<\/a><\/p>\t\t\t\t\t\t\t\t<\/div>\n\t\t\t\t<\/div>\n\t\t\t\t\t<\/div>\n\t\t<\/div>\n\t\t\t\t<div class=\"elementor-column elementor-col-50 elementor-inner-column elementor-element elementor-element-fc895f1\" data-id=\"fc895f1\" data-element_type=\"column\" data-e-type=\"column\">\n\t\t\t<div class=\"elementor-widget-wrap elementor-element-populated\">\n\t\t\t\t\t\t<div class=\"elementor-element elementor-element-515add8 elementor-widget elementor-widget-text-editor\" data-id=\"515add8\" data-element_type=\"widget\" data-e-type=\"widget\" data-widget_type=\"text-editor.default\">\n\t\t\t\t<div class=\"elementor-widget-container\">\n\t\t\t\t\t\t\t\t\t<p><b>Marimar Torreblanca<\/b><br \/>Miranda-ESG<br \/><a href=\"mailto:marimar.torreblanca@miranda-partners.com\">marimar.torreblanca@miranda-partners.com<\/a><\/p>\t\t\t\t\t\t\t\t<\/div>\n\t\t\t\t<\/div>\n\t\t\t\t\t<\/div>\n\t\t<\/div>\n\t\t\t\t\t<\/div>\n\t\t<\/section>\n\t\t\t\t\t<\/div>\n\t\t<\/div>\n\t\t\t\t\t<\/div>\n\t\t<\/section>\n\t\t\t\t<\/div>","protected":false},"excerpt":{"rendered":"<p>This week I want to discuss just how much temperatures are changing already. For all of us living in Mexico, you have felt it. For those that don\u2019t live here, in recent months Mexico has been grappling with one of the most severe heat waves in its history&#8230;<\/p>","protected":false},"author":8,"featured_media":13628,"comment_status":"closed","ping_status":"closed","sticky":false,"template":"","format":"standard","meta":{"content-type":"","footnotes":""},"categories":[21],"tags":[],"class_list":["post-13627","post","type-post","status-publish","format-standard","has-post-thumbnail","hentry","category-miranda-esg"],"_links":{"self":[{"href":"https:\/\/miranda-partners.com\/es\/wp-json\/wp\/v2\/posts\/13627","targetHints":{"allow":["GET"]}}],"collection":[{"href":"https:\/\/miranda-partners.com\/es\/wp-json\/wp\/v2\/posts"}],"about":[{"href":"https:\/\/miranda-partners.com\/es\/wp-json\/wp\/v2\/types\/post"}],"author":[{"embeddable":true,"href":"https:\/\/miranda-partners.com\/es\/wp-json\/wp\/v2\/users\/8"}],"replies":[{"embeddable":true,"href":"https:\/\/miranda-partners.com\/es\/wp-json\/wp\/v2\/comments?post=13627"}],"version-history":[{"count":0,"href":"https:\/\/miranda-partners.com\/es\/wp-json\/wp\/v2\/posts\/13627\/revisions"}],"wp:featuredmedia":[{"embeddable":true,"href":"https:\/\/miranda-partners.com\/es\/wp-json\/wp\/v2\/media\/13628"}],"wp:attachment":[{"href":"https:\/\/miranda-partners.com\/es\/wp-json\/wp\/v2\/media?parent=13627"}],"wp:term":[{"taxonomy":"category","embeddable":true,"href":"https:\/\/miranda-partners.com\/es\/wp-json\/wp\/v2\/categories?post=13627"},{"taxonomy":"post_tag","embeddable":true,"href":"https:\/\/miranda-partners.com\/es\/wp-json\/wp\/v2\/tags?post=13627"}],"curies":[{"name":"wp","href":"https:\/\/api.w.org\/{rel}","templated":true}]}}